
{"id":38674,"date":"2014-07-02T22:16:32","date_gmt":"2014-07-03T01:16:32","guid":{"rendered":"http:\/\/www.sudoestehoje.com.br\/novoportal\/?p=38674"},"modified":"2014-07-02T22:16:32","modified_gmt":"2014-07-03T01:16:32","slug":"nova-pesquisa-datafolha-sai-amanha","status":"publish","type":"post","link":"https:\/\/www.sudoestehoje.com.br\/novoportal\/2014\/07\/02\/nova-pesquisa-datafolha-sai-amanha\/","title":{"rendered":"NOVA PESQUISA DATAFOLHA SAI AMANH\u00c3"},"content":{"rendered":"<p><img decoding=\"async\" class=\"alignleft\" style=\"line-height: 1.5em;\" alt=\"Em campanha\" src=\"http:\/\/veja.abril.com.br\/blog\/radar-on-line\/files\/2014\/02\/aecio-dilma-eduardo-marina-300x270.jpeg\" \/><span style=\"line-height: 1.5em;\">A nova\u00a0pesquisa\u00a0do\u00a0Datafolha, que ser\u00e1 publicada amanh\u00e3 pela\u00a0<\/span><em style=\"line-height: 1.5em;\">Folha de S.\u00a0Paulo<\/em><span style=\"line-height: 1.5em;\">, mostrar\u00e1\u00a0<\/span><strong style=\"line-height: 1.5em;\">Dilma\u00a0Rousseff<\/strong><span style=\"line-height: 1.5em;\">\u00a0com 38%\u00a0das\u00a0prefer\u00eancias do eleitorado. Em seguida,\u00a0<\/span><strong style=\"line-height: 1.5em;\">A\u00e9cio Neves<\/strong><span style=\"line-height: 1.5em;\">\u00a0aparece com 20% e\u00a0<\/span><strong style=\"line-height: 1.5em;\">Eduardo Campos<\/strong><span style=\"line-height: 1.5em;\">\u00a0com 9%<\/span><\/p>\n<p>Em compara\u00e7\u00e3o com a sondagem anterior do Datafolha, publicada no dia 6 de junho, Dilma subiu quatro pontos percentuais, A\u00e9cio um ponto e Campos dois pontos percentuais.<\/p>\n<p>Se a compara\u00e7\u00e3o, por\u00e9m, for com\u00a0 uma pesquisa mais recente, a do Ibope de duas semanas atr\u00e1s, mais precisamente do dia 19, Dilma, A\u00e9cio e Campos ca\u00edram um ponto percentual cada.<\/p>\n<p>Neste caso, pode-se inferir que o sucesso ineg\u00e1vel da\u00a0Copa\u00a0n\u00e3o ajudou Dilma em nada. Mais: n\u00e3o mexeu no quadro eleitoral, pelo menos ainda.<\/p>\n","protected":false},"excerpt":{"rendered":"<p>A nova\u00a0pesquisa\u00a0do\u00a0Datafolha, que ser\u00e1 publicada amanh\u00e3 pela\u00a0Folha de S.\u00a0Paulo, mostrar\u00e1\u00a0Dilma\u00a0Rousseff\u00a0com 38%\u00a0das\u00a0prefer\u00eancias do eleitorado. Em seguida,\u00a0A\u00e9cio Neves\u00a0aparece com 20% e\u00a0Eduardo Campos\u00a0com 9% Em compara\u00e7\u00e3o com a sondagem anterior do Datafolha, publicada no dia 6 de junho, Dilma subiu quatro pontos percentuais, A\u00e9cio um ponto e Campos dois pontos percentuais. Se a compara\u00e7\u00e3o, por\u00e9m, for com\u00a0 uma [&hellip;]<\/p>\n","protected":false},"author":2,"featured_media":0,"comment_status":"open","ping_status":"open","sticky":false,"template":"","format":"standard","meta":{"footnotes":"","_links_to":"","_links_to_target":""},"categories":[1],"tags":[],"class_list":["post-38674","post","type-post","status-publish","format-standard","hentry","category-geral"],"views":1043,"_links":{"self":[{"href":"https:\/\/www.sudoestehoje.com.br\/novoportal\/wp-json\/wp\/v2\/posts\/38674","targetHints":{"allow":["GET"]}}],"collection":[{"href":"https:\/\/www.sudoestehoje.com.br\/novoportal\/wp-json\/wp\/v2\/posts"}],"about":[{"href":"https:\/\/www.sudoestehoje.com.br\/novoportal\/wp-json\/wp\/v2\/types\/post"}],"author":[{"embeddable":true,"href":"https:\/\/www.sudoestehoje.com.br\/novoportal\/wp-json\/wp\/v2\/users\/2"}],"replies":[{"embeddable":true,"href":"https:\/\/www.sudoestehoje.com.br\/novoportal\/wp-json\/wp\/v2\/comments?post=38674"}],"version-history":[{"count":3,"href":"https:\/\/www.sudoestehoje.com.br\/novoportal\/wp-json\/wp\/v2\/posts\/38674\/revisions"}],"predecessor-version":[{"id":38677,"href":"https:\/\/www.sudoestehoje.com.br\/novoportal\/wp-json\/wp\/v2\/posts\/38674\/revisions\/38677"}],"wp:attachment":[{"href":"https:\/\/www.sudoestehoje.com.br\/novoportal\/wp-json\/wp\/v2\/media?parent=38674"}],"wp:term":[{"taxonomy":"category","embeddable":true,"href":"https:\/\/www.sudoestehoje.com.br\/novoportal\/wp-json\/wp\/v2\/categories?post=38674"},{"taxonomy":"post_tag","embeddable":true,"href":"https:\/\/www.sudoestehoje.com.br\/novoportal\/wp-json\/wp\/v2\/tags?post=38674"}],"curies":[{"name":"wp","href":"https:\/\/api.w.org\/{rel}","templated":true}]}}