
{"id":38672,"date":"2014-07-02T22:07:03","date_gmt":"2014-07-03T01:07:03","guid":{"rendered":"http:\/\/www.sudoestehoje.com.br\/novoportal\/?p=38672"},"modified":"2014-07-02T22:07:03","modified_gmt":"2014-07-03T01:07:03","slug":"onibus-da-uesb-levando-15-estudantes-e-1-professor-vira-na-serra-do-tomba","status":"publish","type":"post","link":"https:\/\/www.sudoestehoje.com.br\/novoportal\/2014\/07\/02\/onibus-da-uesb-levando-15-estudantes-e-1-professor-vira-na-serra-do-tomba\/","title":{"rendered":"\u00d4NIBUS DA UESB LEVANDO 15 ESTUDANTES E 1 PROFESSOR VIRA NA SERRA DO TOMBA"},"content":{"rendered":"<p><img decoding=\"async\" class=\"aligncenter\" alt=\"108\" src=\"http:\/\/www.g4tv.com.br\/wp-content\/uploads\/2014\/07\/108.jpg\" width=\"450\" \/><\/p>\n<p>Na tarde desta quarta-feira\u00a0(2), por volta\u00a0das\u00a015:30h, aconteceu um\u00a0acidente com\u00a0um Micro-\u00f4nibus, Maxibus, ano 2.000, placa JKZ-8585 de Salvador \u2013 Ba, da Universidade Estadual da Bahia (UESB), Campus de Itapetinga, que tombou ao descer a serra do Tomba, localizada no munic\u00edpio de Ribeir\u00e3o do Largo.<\/p>\n<p><img decoding=\"async\" class=\"aligncenter\" alt=\"\" src=\"http:\/\/4.bp.blogspot.com\/-jt5s4-MvmxI\/U7SGLtE0pfI\/AAAAAAAAqz8\/Jia0_UW19tE\/s1600\/105.JPG\" width=\"450\" \/><\/p>\n<div>O micro-\u00f4nibus estava com 15\u00a0estudantes\u00a0e 1 professor, todos do curso de Zootecnia, al\u00e9m do condutor, que vinham de uma aula pr\u00e1tica em uma fazenda no munic\u00edpio de Ribeir\u00e3o do Largo, quando perdeu o controle ao descer a serra na \u00faltima curva, e tombou, parando no acostamento, do lado contr\u00e1rio da ribanceira.<\/div>\n<div><img decoding=\"async\" class=\"aligncenter\" alt=\"\" src=\"http:\/\/3.bp.blogspot.com\/-beSgHvvePIc\/U7SGJIsY0hI\/AAAAAAAAqz0\/yAbiphDAcag\/s1600\/103.JPG\" width=\"450\" \/><\/div>\n<div>Os passageiros sofreram apenas ferimentos leves. J\u00e1 o motorista, Davi santos de 50 anos, sofreu perfura\u00e7\u00e3o no abdome e teve o primeiro atendimento por uma ambul\u00e2ncia de Ribeir\u00e3o do Largo, e posteriormente transferido para a unidade do SAMU de Itamb\u00e9, que ap\u00f3s estabilizar a v\u00edtima, o encaminhou diretamente para oHospital\u00a0S\u00e3o Vicente de Vit\u00f3ria da Conquista, onde imediatamente passou por cirurgia, e est\u00e1 fora de perigo. Itamb\u00e9 Agora<\/div>\n","protected":false},"excerpt":{"rendered":"<p>Na tarde desta quarta-feira\u00a0(2), por volta\u00a0das\u00a015:30h, aconteceu um\u00a0acidente com\u00a0um Micro-\u00f4nibus, Maxibus, ano 2.000, placa JKZ-8585 de Salvador \u2013 Ba, da Universidade Estadual da Bahia (UESB), Campus de Itapetinga, que tombou ao descer a serra do Tomba, localizada no munic\u00edpio de Ribeir\u00e3o do Largo. O micro-\u00f4nibus estava com 15\u00a0estudantes\u00a0e 1 professor, todos do curso de Zootecnia, [&hellip;]<\/p>\n","protected":false},"author":2,"featured_media":0,"comment_status":"open","ping_status":"open","sticky":false,"template":"","format":"standard","meta":{"footnotes":"","_links_to":"","_links_to_target":""},"categories":[1],"tags":[],"class_list":["post-38672","post","type-post","status-publish","format-standard","hentry","category-geral"],"views":1517,"_links":{"self":[{"href":"https:\/\/www.sudoestehoje.com.br\/novoportal\/wp-json\/wp\/v2\/posts\/38672","targetHints":{"allow":["GET"]}}],"collection":[{"href":"https:\/\/www.sudoestehoje.com.br\/novoportal\/wp-json\/wp\/v2\/posts"}],"about":[{"href":"https:\/\/www.sudoestehoje.com.br\/novoportal\/wp-json\/wp\/v2\/types\/post"}],"author":[{"embeddable":true,"href":"https:\/\/www.sudoestehoje.com.br\/novoportal\/wp-json\/wp\/v2\/users\/2"}],"replies":[{"embeddable":true,"href":"https:\/\/www.sudoestehoje.com.br\/novoportal\/wp-json\/wp\/v2\/comments?post=38672"}],"version-history":[{"count":1,"href":"https:\/\/www.sudoestehoje.com.br\/novoportal\/wp-json\/wp\/v2\/posts\/38672\/revisions"}],"predecessor-version":[{"id":38673,"href":"https:\/\/www.sudoestehoje.com.br\/novoportal\/wp-json\/wp\/v2\/posts\/38672\/revisions\/38673"}],"wp:attachment":[{"href":"https:\/\/www.sudoestehoje.com.br\/novoportal\/wp-json\/wp\/v2\/media?parent=38672"}],"wp:term":[{"taxonomy":"category","embeddable":true,"href":"https:\/\/www.sudoestehoje.com.br\/novoportal\/wp-json\/wp\/v2\/categories?post=38672"},{"taxonomy":"post_tag","embeddable":true,"href":"https:\/\/www.sudoestehoje.com.br\/novoportal\/wp-json\/wp\/v2\/tags?post=38672"}],"curies":[{"name":"wp","href":"https:\/\/api.w.org\/{rel}","templated":true}]}}