
{"id":38668,"date":"2014-07-02T19:57:00","date_gmt":"2014-07-02T22:57:00","guid":{"rendered":"http:\/\/www.sudoestehoje.com.br\/novoportal\/?p=38668"},"modified":"2014-07-02T19:57:00","modified_gmt":"2014-07-02T22:57:00","slug":"chapa-de-oposicao-e-recebida-com-festa-no-cortejo-do-2-de-julho","status":"publish","type":"post","link":"https:\/\/www.sudoestehoje.com.br\/novoportal\/2014\/07\/02\/chapa-de-oposicao-e-recebida-com-festa-no-cortejo-do-2-de-julho\/","title":{"rendered":"CHAPA DE OPOSI\u00c7\u00c3O \u00c9 RECEBIDA COM FESTA NO CORTEJO DO 2 DE JULHO"},"content":{"rendered":"<p style=\"text-align: center;\"><img decoding=\"async\" class=\"aligncenter\" alt=\"Oposi\u00e7\u00e3o 2BB\" src=\"http:\/\/static.blogdaresenhageral.com.br\/wp-content\/uploads\/2014\/07\/Oposi%C3%A7%C3%A3o-2BB.jpg?c6e0ba\" width=\"500\" \/><\/p>\n<p>A empolga\u00e7\u00e3o popular com a chapa majorit\u00e1ria da oposi\u00e7\u00e3o se manifestou logo na sa\u00edda do cortejo c\u00edvico do 2 de Julho. Assediado pelo povo, ao lado do prefeito ACM Neto e dos companheiros Joaci G\u00f3es (vice) e Geddel Vieira Lima (senador), o candidato a governador Paulo Souto n\u00e3o escondia a emo\u00e7\u00e3o de participar mais um ano da data magna da Independ\u00eancia da Bahia: \u201cO 2 de Julho representa o anseio de independ\u00eancia e liberdade dos baianos. Eu, Joaci e Geddel lutamos por uma Bahia soberana, que n\u00e3o se curva ao interesse de nenhum partido, apenas \u00e0 vontade do povo\u201d, afirmou, lembrando que o prefeito ACM Neto j\u00e1 faz isso em Salvador.<\/p>\n<p>Geddel, por sua vez, criticou a hipocrisia dos petistas, que se apresentam como os \u00fanicos defensores dos pobres e oprimidos. \u201cNingu\u00e9m precisa ser pobre para lutar pela melhoria de vida das pessoas, assim como n\u00e3o \u00e9 necess\u00e1rio ver Deus para acreditar n\u00b4Ele\u201d. O presidente estadual do Democratas, Jos\u00e9 Carlos Aleluia, avaliou a recep\u00e7\u00e3o festiva da popula\u00e7\u00e3o \u00e0 chapa oposicionista como uma prova do desejo de mudan\u00e7a da Bahia. \u201cSalve o 2 de Julho e a liberta\u00e7\u00e3o dos baianos do jugo petista\u201d.<\/p>\n","protected":false},"excerpt":{"rendered":"<p>A empolga\u00e7\u00e3o popular com a chapa majorit\u00e1ria da oposi\u00e7\u00e3o se manifestou logo na sa\u00edda do cortejo c\u00edvico do 2 de Julho. Assediado pelo povo, ao lado do prefeito ACM Neto e dos companheiros Joaci G\u00f3es (vice) e Geddel Vieira Lima (senador), o candidato a governador Paulo Souto n\u00e3o escondia a emo\u00e7\u00e3o de participar mais um [&hellip;]<\/p>\n","protected":false},"author":2,"featured_media":0,"comment_status":"open","ping_status":"open","sticky":false,"template":"","format":"standard","meta":{"footnotes":"","_links_to":"","_links_to_target":""},"categories":[1],"tags":[],"class_list":["post-38668","post","type-post","status-publish","format-standard","hentry","category-geral"],"views":1210,"_links":{"self":[{"href":"https:\/\/www.sudoestehoje.com.br\/novoportal\/wp-json\/wp\/v2\/posts\/38668","targetHints":{"allow":["GET"]}}],"collection":[{"href":"https:\/\/www.sudoestehoje.com.br\/novoportal\/wp-json\/wp\/v2\/posts"}],"about":[{"href":"https:\/\/www.sudoestehoje.com.br\/novoportal\/wp-json\/wp\/v2\/types\/post"}],"author":[{"embeddable":true,"href":"https:\/\/www.sudoestehoje.com.br\/novoportal\/wp-json\/wp\/v2\/users\/2"}],"replies":[{"embeddable":true,"href":"https:\/\/www.sudoestehoje.com.br\/novoportal\/wp-json\/wp\/v2\/comments?post=38668"}],"version-history":[{"count":1,"href":"https:\/\/www.sudoestehoje.com.br\/novoportal\/wp-json\/wp\/v2\/posts\/38668\/revisions"}],"predecessor-version":[{"id":38669,"href":"https:\/\/www.sudoestehoje.com.br\/novoportal\/wp-json\/wp\/v2\/posts\/38668\/revisions\/38669"}],"wp:attachment":[{"href":"https:\/\/www.sudoestehoje.com.br\/novoportal\/wp-json\/wp\/v2\/media?parent=38668"}],"wp:term":[{"taxonomy":"category","embeddable":true,"href":"https:\/\/www.sudoestehoje.com.br\/novoportal\/wp-json\/wp\/v2\/categories?post=38668"},{"taxonomy":"post_tag","embeddable":true,"href":"https:\/\/www.sudoestehoje.com.br\/novoportal\/wp-json\/wp\/v2\/tags?post=38668"}],"curies":[{"name":"wp","href":"https:\/\/api.w.org\/{rel}","templated":true}]}}