
{"id":38666,"date":"2014-07-02T19:38:22","date_gmt":"2014-07-02T22:38:22","guid":{"rendered":"http:\/\/www.sudoestehoje.com.br\/novoportal\/?p=38666"},"modified":"2014-07-02T22:25:02","modified_gmt":"2014-07-03T01:25:02","slug":"cortejo-do-2-de-julho-e-marcado-por-brigas-entre-militantes","status":"publish","type":"post","link":"https:\/\/www.sudoestehoje.com.br\/novoportal\/2014\/07\/02\/cortejo-do-2-de-julho-e-marcado-por-brigas-entre-militantes\/","title":{"rendered":"QUEBRA-PAU POL\u00cdTICO NO 2 DE JULHO"},"content":{"rendered":"<p><img decoding=\"async\" class=\"aligncenter\" alt=\"\" src=\"http:\/\/fw.atarde.uol.com.br\/2014\/07\/650x375_briga-2-de-julho_1427232.jpg\" width=\"500\" \/><\/p>\n<p>Quem foi prestigiar o desfile do 2 de Julho, na manh\u00e3 desta quarta-feira (02), evento que, al\u00e9m de comemorar a Independ\u00eancia da Bahia, serve para medir o prestigio de pol\u00edticos, p\u00f4de presenciar cenas de pugilato entre militantes do governo e oposicionistas. A briga teria come\u00e7ado quando membros da comitiva do DEM, na altura do Largo da Soledade, acusaram o bloco do PC do B e do PT, ambos aliados, de impedir a passagem de integrantes dos democratas. Ap\u00f3s socos e insultos, a briga generalizada s\u00f3 foi contida quando a Pol\u00edcia Militar interferiu e evitou que a confus\u00e3o tomasse maior propor\u00e7\u00e3o.<\/p>\n","protected":false},"excerpt":{"rendered":"<p>Quem foi prestigiar o desfile do 2 de Julho, na manh\u00e3 desta quarta-feira (02), evento que, al\u00e9m de comemorar a Independ\u00eancia da Bahia, serve para medir o prestigio de pol\u00edticos, p\u00f4de presenciar cenas de pugilato entre militantes do governo e oposicionistas. A briga teria come\u00e7ado quando membros da comitiva do DEM, na altura do Largo [&hellip;]<\/p>\n","protected":false},"author":2,"featured_media":0,"comment_status":"open","ping_status":"open","sticky":false,"template":"","format":"standard","meta":{"footnotes":"","_links_to":"","_links_to_target":""},"categories":[1],"tags":[],"class_list":["post-38666","post","type-post","status-publish","format-standard","hentry","category-geral"],"views":1521,"_links":{"self":[{"href":"https:\/\/www.sudoestehoje.com.br\/novoportal\/wp-json\/wp\/v2\/posts\/38666","targetHints":{"allow":["GET"]}}],"collection":[{"href":"https:\/\/www.sudoestehoje.com.br\/novoportal\/wp-json\/wp\/v2\/posts"}],"about":[{"href":"https:\/\/www.sudoestehoje.com.br\/novoportal\/wp-json\/wp\/v2\/types\/post"}],"author":[{"embeddable":true,"href":"https:\/\/www.sudoestehoje.com.br\/novoportal\/wp-json\/wp\/v2\/users\/2"}],"replies":[{"embeddable":true,"href":"https:\/\/www.sudoestehoje.com.br\/novoportal\/wp-json\/wp\/v2\/comments?post=38666"}],"version-history":[{"count":4,"href":"https:\/\/www.sudoestehoje.com.br\/novoportal\/wp-json\/wp\/v2\/posts\/38666\/revisions"}],"predecessor-version":[{"id":38679,"href":"https:\/\/www.sudoestehoje.com.br\/novoportal\/wp-json\/wp\/v2\/posts\/38666\/revisions\/38679"}],"wp:attachment":[{"href":"https:\/\/www.sudoestehoje.com.br\/novoportal\/wp-json\/wp\/v2\/media?parent=38666"}],"wp:term":[{"taxonomy":"category","embeddable":true,"href":"https:\/\/www.sudoestehoje.com.br\/novoportal\/wp-json\/wp\/v2\/categories?post=38666"},{"taxonomy":"post_tag","embeddable":true,"href":"https:\/\/www.sudoestehoje.com.br\/novoportal\/wp-json\/wp\/v2\/tags?post=38666"}],"curies":[{"name":"wp","href":"https:\/\/api.w.org\/{rel}","templated":true}]}}