
{"id":38661,"date":"2014-07-01T21:40:22","date_gmt":"2014-07-02T00:40:22","guid":{"rendered":"http:\/\/www.sudoestehoje.com.br\/novoportal\/?p=38661"},"modified":"2014-07-01T21:40:22","modified_gmt":"2014-07-02T00:40:22","slug":"foco-no-poder","status":"publish","type":"post","link":"https:\/\/www.sudoestehoje.com.br\/novoportal\/2014\/07\/01\/foco-no-poder\/","title":{"rendered":"FOCO NO PODER"},"content":{"rendered":"<div><img decoding=\"async\" class=\"alignleft\" alt=\"\" src=\"http:\/\/reportercoragem.com.br\/wp-content\/uploads\/2013\/04\/Dilvan.jpg\" \/><\/div>\n<div id=\"yui_3_16_0_1_1404261134507_3538\"><b id=\"yui_3_16_0_1_1404261134507_3541\">Campanha tradicional x moderna &#8211;\u00a0<\/b>A campanha tradicional vem perdendo for\u00e7a a cada ano que passa, no entanto, muitas ainda s\u00e3o realizadas seguindo este modelo, principalmente para cargos legislativos e executivos de cidades menores, enquanto as elei\u00e7\u00f5es majorit\u00e1rias de grandes cidades, governo de Estado e presidente, cada vez mais s\u00e3o disputadas usando novas t\u00e9cnicas de fazer pol\u00edtica. Nenhuma outra \u00e1rea da pol\u00edtica foi t\u00e3o modificada pela tecnologia nos \u00faltimos 30 anos como a campanha eleitoral. Pesquisadores, estrategistas e publicit\u00e1rios passaram a ser pe\u00e7as importantes dentro da campanha moderna.<\/div>\n<div><\/div>\n<div id=\"yui_3_16_0_1_1404261134507_3532\"><b>Futebol: \u00f3pio do povo brasileiro<\/b><\/div>\n<div id=\"yui_3_16_0_1_1404261134507_3511\">\u00c9 impressionante a rea\u00e7\u00e3o do povo quando o Brasil ganha um jogo. Na partida contra o Chile o brasileiro sofreu muito e o jogo s\u00f3 foi decidido no \u00faltimo p\u00eanalti. Haja cora\u00e7\u00e3o! Em todos os recantos o povo vibrou com a vit\u00f3ria brasileira. De agora pra frente a qualquer momento poder\u00e1 ser eliminado. Entretanto, vamos torcer pelo Brasil, para que ele d\u00ea essa alegria ao brasileiro. Depois da Copa vem a campanha eleitoral, ningu\u00e9m sabe ainda qual ser\u00e1 a rea\u00e7\u00e3o das pessoas e tudo poder\u00e1 acontecer. Dizem que se o time brasileiro perder, Dilma tamb\u00e9m perde a elei\u00e7\u00e3o. Outros arriscam falar que mesmo o Brasil ganhando Dilma tamb\u00e9m perde, devido aos esc\u00e2ndalos com os gastos da Copa. Um fato \u00e9 certo: a pol\u00edtica do p\u00e3o e circo ainda prevalece.<\/div>\n<div id=\"yui_3_16_0_1_1404261134507_3697\"><\/div>\n<div><b>\u00c9 a economia, est\u00fapido!<\/b><\/div>\n<div id=\"yui_3_16_0_1_1404261134507_3523\">\u201cNas elei\u00e7\u00f5es presidenciais americanas de 1992, o ent\u00e3o candidato \u00e0 reelei\u00e7\u00e3o George Bush, o pai, era o favorito. O discurso patri\u00f3tico baseado no fim da Guerra Fria e no sucesso da Guerra do Golfo uniu o pa\u00eds em torno do presidente. Entretanto, os gastos militares e o desequil\u00edbrio fiscal estavam abalando a economia dos Estados Unidos, provocando desemprego e queda do consumo. Foi nesse ponto que a campanha do Partido Democrata atirou. Sempre que questionados sobre o que se baseavam as propostas e o futuro governo Clinton, ele e seus correligion\u00e1rios diziam sem muitos rodeios: It\u2019s the economy, stupid! Deu certo. Clinton foi eleito e reeleito, zerou o d\u00e9ficit p\u00fablico e fez o pa\u00eds crescer vigorosamente\u201d.<\/div>\n<div><\/div>\n<div><b>No Brasil tamb\u00e9m ser\u00e1 a economia<\/b><\/div>\n<div id=\"yui_3_16_0_1_1404261134507_3525\">Acreditamos que na elei\u00e7\u00e3o que se avizinha a economia vai ser determinante para o resultado. A presidente Dilma est\u00e1 fazendo um grande esfor\u00e7o para segurar a infla\u00e7\u00e3o, mas, n\u00e3o est\u00e1 conseguindo, e a situa\u00e7\u00e3o vai piorar com os gastos extravagantes com a Copa do Mundo, que, segundo dizem, vai chegar a 40 bilh\u00f5es de reais. Foi uma verdadeira farra com o dinheiro p\u00fablico. Isso vem causando indigna\u00e7\u00e3o ao povo brasileiro, que mesmo sendo apaixonado por futebol, condena os exageros com o mundial, porque nos pa\u00edses aonde foram realizadas as tr\u00eas \u00faltimas copas foram gastos em m\u00e9dia 10 bilh\u00f5es de reais.<\/div>\n<div id=\"yui_3_16_0_1_1404261134507_3698\"><\/div>\n<div id=\"yui_3_16_0_1_1404261134507_3531\"><b>Conven\u00e7\u00f5es na Bahia e no Brasil<\/b><\/div>\n<div id=\"yui_3_16_0_1_1404261134507_3530\">O prazo para o encerramento das conven\u00e7\u00f5es em todo o Brasil foi at\u00e9 o dia 30 de julho. Na Bahia, existem tr\u00eas candidatos competitivos: Paulo Souto, Rui Costa e L\u00eddice da Mata. A \u00faltima conven\u00e7\u00e3o realizada foi a da frente partid\u00e1ria que apoia Rui Costa, o candidato oficial do governador Jaques Wagner, que apresentou um nome que n\u00e3o vem conseguindo decolar nas pesquisas. A senadora L\u00eddice da Mata, que foi eleita pelo PSD com apoio do PT, atirou sobre a conven\u00e7\u00e3o que o PT fez: um espet\u00e1culo de FOR\u00c7A para um candidato FRACO. J\u00e1 as oposi\u00e7\u00f5es que apoiam Paulo Souto, do DEM, fizeram uma conven\u00e7\u00e3o n\u00e3o t\u00e3o espetacular para um candidato que hoje est\u00e1 FORTE na Bahia toda.<\/div>\n<div id=\"yui_3_16_0_1_1404261134507_3700\"><\/div>\n<div id=\"yui_3_16_0_1_1404261134507_3528\"><b>Pesquisas realizadas na Bahia<\/b><\/div>\n<div><\/div>\n<div id=\"yui_3_16_0_1_1404261134507_3527\">Recentemente, realizamos pesquisas em v\u00e1rios munic\u00edpios do Sudoeste da Bahia e do Extremo Sul, em todos eles, sem exce\u00e7\u00e3o, Paulo Souto dispara nas pesquisas, independente do apoio de lideran\u00e7as pol\u00edticas. Existem casos que todos os grupos pol\u00edticos apoiam o candidato governista, mesmo assim o povo est\u00e1 decidindo apoiar o candidato das oposi\u00e7\u00f5es \u2013 Paulo Souto, como \u00e9 o caso das pequenas cidades, mesmo fazendo a op\u00e7\u00e3o por Dilma para presidente. Tudo indica que Paulo Souto vai ganhar no primeiro turno.<\/div>\n","protected":false},"excerpt":{"rendered":"<p>Campanha tradicional x moderna &#8211;\u00a0A campanha tradicional vem perdendo for\u00e7a a cada ano que passa, no entanto, muitas ainda s\u00e3o realizadas seguindo este modelo, principalmente para cargos legislativos e executivos de cidades menores, enquanto as elei\u00e7\u00f5es majorit\u00e1rias de grandes cidades, governo de Estado e presidente, cada vez mais s\u00e3o disputadas usando novas t\u00e9cnicas de fazer [&hellip;]<\/p>\n","protected":false},"author":2,"featured_media":0,"comment_status":"open","ping_status":"open","sticky":false,"template":"","format":"standard","meta":{"footnotes":"","_links_to":"","_links_to_target":""},"categories":[1],"tags":[],"class_list":["post-38661","post","type-post","status-publish","format-standard","hentry","category-geral"],"views":1081,"_links":{"self":[{"href":"https:\/\/www.sudoestehoje.com.br\/novoportal\/wp-json\/wp\/v2\/posts\/38661","targetHints":{"allow":["GET"]}}],"collection":[{"href":"https:\/\/www.sudoestehoje.com.br\/novoportal\/wp-json\/wp\/v2\/posts"}],"about":[{"href":"https:\/\/www.sudoestehoje.com.br\/novoportal\/wp-json\/wp\/v2\/types\/post"}],"author":[{"embeddable":true,"href":"https:\/\/www.sudoestehoje.com.br\/novoportal\/wp-json\/wp\/v2\/users\/2"}],"replies":[{"embeddable":true,"href":"https:\/\/www.sudoestehoje.com.br\/novoportal\/wp-json\/wp\/v2\/comments?post=38661"}],"version-history":[{"count":3,"href":"https:\/\/www.sudoestehoje.com.br\/novoportal\/wp-json\/wp\/v2\/posts\/38661\/revisions"}],"predecessor-version":[{"id":38664,"href":"https:\/\/www.sudoestehoje.com.br\/novoportal\/wp-json\/wp\/v2\/posts\/38661\/revisions\/38664"}],"wp:attachment":[{"href":"https:\/\/www.sudoestehoje.com.br\/novoportal\/wp-json\/wp\/v2\/media?parent=38661"}],"wp:term":[{"taxonomy":"category","embeddable":true,"href":"https:\/\/www.sudoestehoje.com.br\/novoportal\/wp-json\/wp\/v2\/categories?post=38661"},{"taxonomy":"post_tag","embeddable":true,"href":"https:\/\/www.sudoestehoje.com.br\/novoportal\/wp-json\/wp\/v2\/tags?post=38661"}],"curies":[{"name":"wp","href":"https:\/\/api.w.org\/{rel}","templated":true}]}}