
{"id":38647,"date":"2014-06-30T16:34:27","date_gmt":"2014-06-30T19:34:27","guid":{"rendered":"http:\/\/www.sudoestehoje.com.br\/novoportal\/?p=38647"},"modified":"2014-06-30T16:36:36","modified_gmt":"2014-06-30T19:36:36","slug":"ex-reitor-abel-rebolcas-sera-o-suplente-de-otto-alencar-para-o-senado","status":"publish","type":"post","link":"https:\/\/www.sudoestehoje.com.br\/novoportal\/2014\/06\/30\/ex-reitor-abel-rebolcas-sera-o-suplente-de-otto-alencar-para-o-senado\/","title":{"rendered":"EX-REITOR ABEL REBOL\u00c7AS SER\u00c1 O SUPLENTE DE OTTO PARA O SENADO"},"content":{"rendered":"<p><img decoding=\"async\" class=\"aligncenter\" alt=\"\" src=\"http:\/\/blogmarcosfrahm.com\/wp-content\/uploads\/2013\/12\/Abel-Rebol%C3%A7as-Blog-Marcos-Frahm2.jpg\" width=\"450\" \/><\/p>\n<p>O vice-governador Otto Alencar (PSD) anunciou, em entrevista ao programa Acorda Pra Vida, da Rede Tudo FM 102,5, que o suplente na vaga que concorre ao Senado \u00e9 o ex-reitor da Universidade Estadual do Sudoeste da Bahia (Uesb), Abel Rebou\u00e7as, em indica\u00e7\u00e3o do PDT. \u201c\u00c9 um homem que tem todas as condi\u00e7\u00f5es de colaborar com a chapa, sobretudo com suas ideias na \u00e1rea da educa\u00e7\u00e3o\u201d, disse o candidato. De acordo com Otto, o segundo suplente deve ser definido ainda nesta segunda-feira (30), em posi\u00e7\u00e3o designada pela sigla do pleiteante a governador Rui Costa (PT), ou outra legenda aliada.<\/p>\n","protected":false},"excerpt":{"rendered":"<p>O vice-governador Otto Alencar (PSD) anunciou, em entrevista ao programa Acorda Pra Vida, da Rede Tudo FM 102,5, que o suplente na vaga que concorre ao Senado \u00e9 o ex-reitor da Universidade Estadual do Sudoeste da Bahia (Uesb), Abel Rebou\u00e7as, em indica\u00e7\u00e3o do PDT. \u201c\u00c9 um homem que tem todas as condi\u00e7\u00f5es de colaborar com [&hellip;]<\/p>\n","protected":false},"author":2,"featured_media":0,"comment_status":"open","ping_status":"open","sticky":false,"template":"","format":"standard","meta":{"footnotes":"","_links_to":"","_links_to_target":""},"categories":[1],"tags":[],"class_list":["post-38647","post","type-post","status-publish","format-standard","hentry","category-geral"],"views":1552,"_links":{"self":[{"href":"https:\/\/www.sudoestehoje.com.br\/novoportal\/wp-json\/wp\/v2\/posts\/38647","targetHints":{"allow":["GET"]}}],"collection":[{"href":"https:\/\/www.sudoestehoje.com.br\/novoportal\/wp-json\/wp\/v2\/posts"}],"about":[{"href":"https:\/\/www.sudoestehoje.com.br\/novoportal\/wp-json\/wp\/v2\/types\/post"}],"author":[{"embeddable":true,"href":"https:\/\/www.sudoestehoje.com.br\/novoportal\/wp-json\/wp\/v2\/users\/2"}],"replies":[{"embeddable":true,"href":"https:\/\/www.sudoestehoje.com.br\/novoportal\/wp-json\/wp\/v2\/comments?post=38647"}],"version-history":[{"count":3,"href":"https:\/\/www.sudoestehoje.com.br\/novoportal\/wp-json\/wp\/v2\/posts\/38647\/revisions"}],"predecessor-version":[{"id":38650,"href":"https:\/\/www.sudoestehoje.com.br\/novoportal\/wp-json\/wp\/v2\/posts\/38647\/revisions\/38650"}],"wp:attachment":[{"href":"https:\/\/www.sudoestehoje.com.br\/novoportal\/wp-json\/wp\/v2\/media?parent=38647"}],"wp:term":[{"taxonomy":"category","embeddable":true,"href":"https:\/\/www.sudoestehoje.com.br\/novoportal\/wp-json\/wp\/v2\/categories?post=38647"},{"taxonomy":"post_tag","embeddable":true,"href":"https:\/\/www.sudoestehoje.com.br\/novoportal\/wp-json\/wp\/v2\/tags?post=38647"}],"curies":[{"name":"wp","href":"https:\/\/api.w.org\/{rel}","templated":true}]}}