
{"id":38635,"date":"2014-06-28T10:50:59","date_gmt":"2014-06-28T13:50:59","guid":{"rendered":"http:\/\/www.sudoestehoje.com.br\/novoportal\/?p=38635"},"modified":"2014-06-28T10:50:59","modified_gmt":"2014-06-28T13:50:59","slug":"waldir-pires-e-barrado-por-segurancas-na-convencao-do-pt","status":"publish","type":"post","link":"https:\/\/www.sudoestehoje.com.br\/novoportal\/2014\/06\/28\/waldir-pires-e-barrado-por-segurancas-na-convencao-do-pt\/","title":{"rendered":"WALDIR PIRES \u00c9 BARRADO POR SEGURAN\u00c7AS NA CONVEN\u00c7\u00c3O DO PT"},"content":{"rendered":"<p style=\"text-align: center;\"><img decoding=\"async\" class=\"aligncenter\" alt=\"Ex-governador, Waldir Pires \u00e9 barrado por seguran\u00e7as em conven\u00e7\u00e3o estadual do PT\" src=\"http:\/\/www.bahianoticias.com.br\/fotos\/principal_noticias\/156498\/xIMAGEM_NOTICIA_5.jpg.pagespeed.ic.HG55VkEkUi.jpg\" width=\"450\" \/><\/p>\n<p>Ex-governador do Estado, o vereador Waldir Pires (PT) foi barrado por seguran\u00e7as da Presid\u00eancia da Rep\u00fablica na conven\u00e7\u00e3o estadual do PT, realizada nesta sexta-feira (27), que oficializou a candidatura de Rui Costa ao governo da Bahia.<\/p>\n<p>Segundo o jornal Folha de S. Paulo, o edil, que foi chefe do Executivo estadual entre 1987 e 1989, chegou ao evento durante o discurso do ex-presidente Luiz In\u00e1cio Lula da Silva.<\/p>\n<p>Para n\u00e3o enfrentar a aglomera\u00e7\u00e3o de pessoas no caminho at\u00e9 o espa\u00e7o reservado aos pol\u00edticos, que ficava em frente ao palco, Waldir tentou entrar pela \u00e1rea destinada \u00e0 imprensa, mas foi impedido pelos seguran\u00e7as.<\/p>\n<p>Ele discutiu com os agentes e chegou a for\u00e7ar uma grade de prote\u00e7\u00e3o, na presen\u00e7a de assessores da campanha de Costa. Ele s\u00f3 conseguiu entrar ap\u00f3s a interven\u00e7\u00e3o de um grupo de jornalistas.<\/p>\n","protected":false},"excerpt":{"rendered":"<p>Ex-governador do Estado, o vereador Waldir Pires (PT) foi barrado por seguran\u00e7as da Presid\u00eancia da Rep\u00fablica na conven\u00e7\u00e3o estadual do PT, realizada nesta sexta-feira (27), que oficializou a candidatura de Rui Costa ao governo da Bahia. Segundo o jornal Folha de S. Paulo, o edil, que foi chefe do Executivo estadual entre 1987 e 1989, [&hellip;]<\/p>\n","protected":false},"author":2,"featured_media":0,"comment_status":"open","ping_status":"open","sticky":false,"template":"","format":"standard","meta":{"footnotes":"","_links_to":"","_links_to_target":""},"categories":[1],"tags":[],"class_list":["post-38635","post","type-post","status-publish","format-standard","hentry","category-geral"],"views":1342,"_links":{"self":[{"href":"https:\/\/www.sudoestehoje.com.br\/novoportal\/wp-json\/wp\/v2\/posts\/38635","targetHints":{"allow":["GET"]}}],"collection":[{"href":"https:\/\/www.sudoestehoje.com.br\/novoportal\/wp-json\/wp\/v2\/posts"}],"about":[{"href":"https:\/\/www.sudoestehoje.com.br\/novoportal\/wp-json\/wp\/v2\/types\/post"}],"author":[{"embeddable":true,"href":"https:\/\/www.sudoestehoje.com.br\/novoportal\/wp-json\/wp\/v2\/users\/2"}],"replies":[{"embeddable":true,"href":"https:\/\/www.sudoestehoje.com.br\/novoportal\/wp-json\/wp\/v2\/comments?post=38635"}],"version-history":[{"count":2,"href":"https:\/\/www.sudoestehoje.com.br\/novoportal\/wp-json\/wp\/v2\/posts\/38635\/revisions"}],"predecessor-version":[{"id":38637,"href":"https:\/\/www.sudoestehoje.com.br\/novoportal\/wp-json\/wp\/v2\/posts\/38635\/revisions\/38637"}],"wp:attachment":[{"href":"https:\/\/www.sudoestehoje.com.br\/novoportal\/wp-json\/wp\/v2\/media?parent=38635"}],"wp:term":[{"taxonomy":"category","embeddable":true,"href":"https:\/\/www.sudoestehoje.com.br\/novoportal\/wp-json\/wp\/v2\/categories?post=38635"},{"taxonomy":"post_tag","embeddable":true,"href":"https:\/\/www.sudoestehoje.com.br\/novoportal\/wp-json\/wp\/v2\/tags?post=38635"}],"curies":[{"name":"wp","href":"https:\/\/api.w.org\/{rel}","templated":true}]}}