
{"id":38630,"date":"2014-06-28T08:04:13","date_gmt":"2014-06-28T11:04:13","guid":{"rendered":"http:\/\/www.sudoestehoje.com.br\/novoportal\/?p=38630"},"modified":"2014-06-28T08:04:13","modified_gmt":"2014-06-28T11:04:13","slug":"lidice-convencao-do-pt-e-espetaculo-de-forca-para-candidato-fraco","status":"publish","type":"post","link":"https:\/\/www.sudoestehoje.com.br\/novoportal\/2014\/06\/28\/lidice-convencao-do-pt-e-espetaculo-de-forca-para-candidato-fraco\/","title":{"rendered":"L\u00cdDICE: &#8220;CONVEN\u00c7\u00c3O DO PT \u00c9 ESPET\u00c1CULO DE FOR\u00c7A PARA CANDIDATO FRACO&#8221;"},"content":{"rendered":"<p><img decoding=\"async\" class=\"aligncenter\" alt=\"lidice\" src=\"http:\/\/blogdofabiosena.com.br\/v2\/wp-content\/uploads\/lidice.jpg\" width=\"500\" \/><\/p>\n<p>A senadora L\u00eddice da Mata, candidata ao governo da Bahia pelo PSB, criticou o uso da m\u00e1quina do governo da Bahia pelo governador Jaques Wagner (PT) para tentar eleger o seu sucessor, Rui Costa (PT), que oficializa a sua candidatura nesta sexta-feira em uma conven\u00e7\u00e3o no Parque de Exposi\u00e7\u00f5es de Salvador.<\/p>\n<p><em>\u201c\u00c9 uma festa pr\u00e9-concebida para ser um espet\u00e1culo. Um espet\u00e1culo que possa mostrar a for\u00e7a de uma candidatura que tem demonstrado pouca for\u00e7a individual. \u00c9 a for\u00e7a da m\u00e1quina funcionando, \u00e9 a for\u00e7a da m\u00e1quina se expressando e cada um mostra o que tem neste momento. N\u00f3s mostramos uma conven\u00e7\u00e3o muito rica com participa\u00e7\u00e3o e espontaneidade, sem ningu\u00e9m ganhando [dinheiro para participar], recebendo apoio de transporte ou qualquer outro tipo de apoio e fizemos uma festa muito bonita com a nossa conven\u00e7\u00e3o\u201d<\/em>, declarou L\u00eddice em entrevista \u00e0 r\u00e1dio Metr\u00f3pole, na manh\u00e3 desta sexta. Blog do F\u00e1bio Sena<\/p>\n","protected":false},"excerpt":{"rendered":"<p>A senadora L\u00eddice da Mata, candidata ao governo da Bahia pelo PSB, criticou o uso da m\u00e1quina do governo da Bahia pelo governador Jaques Wagner (PT) para tentar eleger o seu sucessor, Rui Costa (PT), que oficializa a sua candidatura nesta sexta-feira em uma conven\u00e7\u00e3o no Parque de Exposi\u00e7\u00f5es de Salvador. \u201c\u00c9 uma festa pr\u00e9-concebida [&hellip;]<\/p>\n","protected":false},"author":2,"featured_media":0,"comment_status":"open","ping_status":"open","sticky":false,"template":"","format":"standard","meta":{"footnotes":"","_links_to":"","_links_to_target":""},"categories":[1],"tags":[],"class_list":["post-38630","post","type-post","status-publish","format-standard","hentry","category-geral"],"views":1423,"_links":{"self":[{"href":"https:\/\/www.sudoestehoje.com.br\/novoportal\/wp-json\/wp\/v2\/posts\/38630","targetHints":{"allow":["GET"]}}],"collection":[{"href":"https:\/\/www.sudoestehoje.com.br\/novoportal\/wp-json\/wp\/v2\/posts"}],"about":[{"href":"https:\/\/www.sudoestehoje.com.br\/novoportal\/wp-json\/wp\/v2\/types\/post"}],"author":[{"embeddable":true,"href":"https:\/\/www.sudoestehoje.com.br\/novoportal\/wp-json\/wp\/v2\/users\/2"}],"replies":[{"embeddable":true,"href":"https:\/\/www.sudoestehoje.com.br\/novoportal\/wp-json\/wp\/v2\/comments?post=38630"}],"version-history":[{"count":2,"href":"https:\/\/www.sudoestehoje.com.br\/novoportal\/wp-json\/wp\/v2\/posts\/38630\/revisions"}],"predecessor-version":[{"id":38632,"href":"https:\/\/www.sudoestehoje.com.br\/novoportal\/wp-json\/wp\/v2\/posts\/38630\/revisions\/38632"}],"wp:attachment":[{"href":"https:\/\/www.sudoestehoje.com.br\/novoportal\/wp-json\/wp\/v2\/media?parent=38630"}],"wp:term":[{"taxonomy":"category","embeddable":true,"href":"https:\/\/www.sudoestehoje.com.br\/novoportal\/wp-json\/wp\/v2\/categories?post=38630"},{"taxonomy":"post_tag","embeddable":true,"href":"https:\/\/www.sudoestehoje.com.br\/novoportal\/wp-json\/wp\/v2\/tags?post=38630"}],"curies":[{"name":"wp","href":"https:\/\/api.w.org\/{rel}","templated":true}]}}