
{"id":38609,"date":"2014-06-26T20:19:51","date_gmt":"2014-06-26T23:19:51","guid":{"rendered":"http:\/\/www.sudoestehoje.com.br\/novoportal\/?p=38609"},"modified":"2014-06-26T20:27:30","modified_gmt":"2014-06-26T23:27:30","slug":"itororo-vereador-nivaldo-reassume-mandato-com-liminar-do-tre","status":"publish","type":"post","link":"https:\/\/www.sudoestehoje.com.br\/novoportal\/2014\/06\/26\/itororo-vereador-nivaldo-reassume-mandato-com-liminar-do-tre\/","title":{"rendered":"ITOROR\u00d3: VEREADOR NIVALDO REASSUME MANDATO COM LIMINAR DO TRE"},"content":{"rendered":"<p><img decoding=\"async\" class=\"alignleft\" alt=\"\" src=\"http:\/\/blogdasmazelas.com.br\/v1\/wp-content\/uploads\/2014\/05\/NIVALDO-2.jpg\" width=\"200\" \/><\/p>\n<p>Atrav\u00e9s de uma liminar que conferiu efeito suspensivo \u00e0 decis\u00e3o do Juiz Eleitoral de Itoror\u00f3, Dr. Rojas Sanches, o vereador Nivaldo Moreira do (PT) ressume o mandato que foi interrompido, atrav\u00e9s de A\u00e7\u00e3o de Impugna\u00e7\u00e3o de Mandato Eletivo (AIME) proposta pelo Minist\u00e9rio P\u00fablico Eleitoral, por suposta pr\u00e1tica de abuso do poder econ\u00f4mico, com a distribui\u00e7\u00e3o de refei\u00e7\u00f5es no dia das elei\u00e7\u00f5es municipais em 2012.<\/p>\n<p>A decis\u00e3o, que ainda ser\u00e1 publicada no Di\u00e1rio Oficial, saiu na tarde desta quinta-feira e permite que o vereador Nivaldo Moreira permane\u00e7a no cargo at\u00e9 que o julgamento do recurso impetrado por seus advogados, no pr\u00f3prio TRE.<\/p>\n<p>O rec\u00e9m empossado Valfrido Miranda, tamb\u00e9m do PT, dever\u00e1 retornar \u00e0 1\u00aa supl\u00eancia e aguardar o julgamento do m\u00e9rito da a\u00e7\u00e3o, que ainda n\u00e3o tem data marcada para ocorrer, no Tribunal Regional Eleitoral. Com a agenda apertada do TRE, em decorr\u00eancia das elei\u00e7\u00f5es deste ano, \u00e9 poss\u00edvel que o julgamento do recurso s\u00f3 ocorra a partir de 2015.<\/p>\n<p><strong><em>Por Davi Ferraz<\/em><\/strong><\/p>\n","protected":false},"excerpt":{"rendered":"<p>Atrav\u00e9s de uma liminar que conferiu efeito suspensivo \u00e0 decis\u00e3o do Juiz Eleitoral de Itoror\u00f3, Dr. Rojas Sanches, o vereador Nivaldo Moreira do (PT) ressume o mandato que foi interrompido, atrav\u00e9s de A\u00e7\u00e3o de Impugna\u00e7\u00e3o de Mandato Eletivo (AIME) proposta pelo Minist\u00e9rio P\u00fablico Eleitoral, por suposta pr\u00e1tica de abuso do poder econ\u00f4mico, com a distribui\u00e7\u00e3o [&hellip;]<\/p>\n","protected":false},"author":2,"featured_media":0,"comment_status":"open","ping_status":"open","sticky":false,"template":"","format":"standard","meta":{"footnotes":"","_links_to":"","_links_to_target":""},"categories":[1],"tags":[],"class_list":["post-38609","post","type-post","status-publish","format-standard","hentry","category-geral"],"views":1506,"_links":{"self":[{"href":"https:\/\/www.sudoestehoje.com.br\/novoportal\/wp-json\/wp\/v2\/posts\/38609","targetHints":{"allow":["GET"]}}],"collection":[{"href":"https:\/\/www.sudoestehoje.com.br\/novoportal\/wp-json\/wp\/v2\/posts"}],"about":[{"href":"https:\/\/www.sudoestehoje.com.br\/novoportal\/wp-json\/wp\/v2\/types\/post"}],"author":[{"embeddable":true,"href":"https:\/\/www.sudoestehoje.com.br\/novoportal\/wp-json\/wp\/v2\/users\/2"}],"replies":[{"embeddable":true,"href":"https:\/\/www.sudoestehoje.com.br\/novoportal\/wp-json\/wp\/v2\/comments?post=38609"}],"version-history":[{"count":4,"href":"https:\/\/www.sudoestehoje.com.br\/novoportal\/wp-json\/wp\/v2\/posts\/38609\/revisions"}],"predecessor-version":[{"id":38613,"href":"https:\/\/www.sudoestehoje.com.br\/novoportal\/wp-json\/wp\/v2\/posts\/38609\/revisions\/38613"}],"wp:attachment":[{"href":"https:\/\/www.sudoestehoje.com.br\/novoportal\/wp-json\/wp\/v2\/media?parent=38609"}],"wp:term":[{"taxonomy":"category","embeddable":true,"href":"https:\/\/www.sudoestehoje.com.br\/novoportal\/wp-json\/wp\/v2\/categories?post=38609"},{"taxonomy":"post_tag","embeddable":true,"href":"https:\/\/www.sudoestehoje.com.br\/novoportal\/wp-json\/wp\/v2\/tags?post=38609"}],"curies":[{"name":"wp","href":"https:\/\/api.w.org\/{rel}","templated":true}]}}