
{"id":38582,"date":"2014-06-25T21:16:57","date_gmt":"2014-06-26T00:16:57","guid":{"rendered":"http:\/\/www.sudoestehoje.com.br\/novoportal\/?p=38582"},"modified":"2014-06-25T21:16:57","modified_gmt":"2014-06-26T00:16:57","slug":"desespero-adversario-gera-ataques-afirma-paulo-souto","status":"publish","type":"post","link":"https:\/\/www.sudoestehoje.com.br\/novoportal\/2014\/06\/25\/desespero-adversario-gera-ataques-afirma-paulo-souto\/","title":{"rendered":"&#8220;DESESPERO ADVERS\u00c1RIO GERA ATAQUES&#8221;, AFIRMA PAULO SOUTO"},"content":{"rendered":"<div id=\"attachment_38583\" style=\"width: 510px\" class=\"wp-caption aligncenter\"><a href=\"http:\/\/www.sudoestehoje.com.br\/novoportal\/wp-content\/uploads\/2014\/06\/SOUTO-EM-CACHOEIRA.jpg\"><img loading=\"lazy\" decoding=\"async\" aria-describedby=\"caption-attachment-38583\" class=\"size-medium wp-image-38583\" alt=\"Paulo Souto foi bem recebido pela popula\u00e7\u00e3o de Cachoeira, durante solenidade pela Independ\u00eancia da Bahia. \" src=\"http:\/\/www.sudoestehoje.com.br\/novoportal\/wp-content\/uploads\/2014\/06\/SOUTO-EM-CACHOEIRA-500x271.jpg\" width=\"500\" height=\"271\" srcset=\"https:\/\/www.sudoestehoje.com.br\/novoportal\/wp-content\/uploads\/2014\/06\/SOUTO-EM-CACHOEIRA-500x271.jpg 500w, https:\/\/www.sudoestehoje.com.br\/novoportal\/wp-content\/uploads\/2014\/06\/SOUTO-EM-CACHOEIRA.jpg 590w\" sizes=\"auto, (max-width: 500px) 100vw, 500px\" \/><\/a><p id=\"caption-attachment-38583\" class=\"wp-caption-text\">Paulo Souto foi bem recebido pela popula\u00e7\u00e3o de Cachoeira, durante solenidade pela Independ\u00eancia da Bahia.<\/p><\/div>\n<p>\u201cA virul\u00eancia dos ataques do pr\u00e9-candidato petista revelam o desespero de algu\u00e9m bastante inseguro com seu destino eleitoral\u201d, comenta o candidato da oposi\u00e7\u00e3o a governador, Paulo Souto, sobre as agressivas declara\u00e7\u00f5es do advers\u00e1rio feitas \u00e0 imprensa nesta quarta-feira (25).<\/p>\n<p>Na avalia\u00e7\u00e3o de Souto, o entusiasmo, e n\u00e3o a raiva, deveria dar o tom de quem se diz portador de pesquisas que lhe apresentam bem posicionado nas inten\u00e7\u00f5es de voto. \u201cPela forma como est\u00e1 se comportando, s\u00f3 podemos interpretar que o clima no Pal\u00e1cio de Ondina n\u00e3o est\u00e1 nada bom\u201d.<\/p>\n<p>Paulo Souto lembra ao pr\u00e9-candidato do atual governador, que o discurso de oposi\u00e7\u00e3o n\u00e3o lhe cabe mais. \u201cEle precisa reconhecer a verdade, que Jaques Wagner \u00e9 o \u00fanico governador que administrou e ainda est\u00e1 a administrar a Bahia por oito anos consecutivos. Nenhum outro, nos \u00faltimos 50 anos, teve esse privil\u00e9gio e, pior, ele o desperdi\u00e7ou\u201d.<\/p>\n<p>Em Cachoeira, onde foi recebido pela popula\u00e7\u00e3o e participou da sess\u00e3o solene pela Independ\u00eancia da Bahia, promovida pela C\u00e2mara dos Vereadores, na tarde desta quarta-feira, Paulo Souto observa que parece \u201cesquizofr\u00eanico\u201d o discurso de oposi\u00e7\u00e3o que o advers\u00e1rio insiste em fazer. \u201cEles est\u00e3o no poder h\u00e1 oito anos e fui eu que deixei de fazer o que eles n\u00e3o fizeram at\u00e9 agora\u201d.<\/p>\n<p>Souto reaviva a mem\u00f3ria do oponente, lembrando-lhe algumas das diversas realiza\u00e7\u00f5es dele: \u201cRequalifica\u00e7\u00e3o do Dique do Toror\u00f3, Programa de Saneamento Bahia Azul, Programa Viver Melhor, Maternidade Jos\u00e9 Maria de Magalh\u00e3es, Hospital do Cora\u00e7\u00e3o, Parque Costa Azul. Isso s\u00f3 em Salvador. Sem falar nos trens do metr\u00f4, que eles pintaram de vermelho, adquiridos em minha gest\u00e3o\u201d.<\/p>\n","protected":false},"excerpt":{"rendered":"<p>\u201cA virul\u00eancia dos ataques do pr\u00e9-candidato petista revelam o desespero de algu\u00e9m bastante inseguro com seu destino eleitoral\u201d, comenta o candidato da oposi\u00e7\u00e3o a governador, Paulo Souto, sobre as agressivas declara\u00e7\u00f5es do advers\u00e1rio feitas \u00e0 imprensa nesta quarta-feira (25). Na avalia\u00e7\u00e3o de Souto, o entusiasmo, e n\u00e3o a raiva, deveria dar o tom de quem [&hellip;]<\/p>\n","protected":false},"author":2,"featured_media":0,"comment_status":"open","ping_status":"open","sticky":false,"template":"","format":"standard","meta":{"footnotes":"","_links_to":"","_links_to_target":""},"categories":[1],"tags":[],"class_list":["post-38582","post","type-post","status-publish","format-standard","hentry","category-geral"],"views":1200,"_links":{"self":[{"href":"https:\/\/www.sudoestehoje.com.br\/novoportal\/wp-json\/wp\/v2\/posts\/38582","targetHints":{"allow":["GET"]}}],"collection":[{"href":"https:\/\/www.sudoestehoje.com.br\/novoportal\/wp-json\/wp\/v2\/posts"}],"about":[{"href":"https:\/\/www.sudoestehoje.com.br\/novoportal\/wp-json\/wp\/v2\/types\/post"}],"author":[{"embeddable":true,"href":"https:\/\/www.sudoestehoje.com.br\/novoportal\/wp-json\/wp\/v2\/users\/2"}],"replies":[{"embeddable":true,"href":"https:\/\/www.sudoestehoje.com.br\/novoportal\/wp-json\/wp\/v2\/comments?post=38582"}],"version-history":[{"count":1,"href":"https:\/\/www.sudoestehoje.com.br\/novoportal\/wp-json\/wp\/v2\/posts\/38582\/revisions"}],"predecessor-version":[{"id":38584,"href":"https:\/\/www.sudoestehoje.com.br\/novoportal\/wp-json\/wp\/v2\/posts\/38582\/revisions\/38584"}],"wp:attachment":[{"href":"https:\/\/www.sudoestehoje.com.br\/novoportal\/wp-json\/wp\/v2\/media?parent=38582"}],"wp:term":[{"taxonomy":"category","embeddable":true,"href":"https:\/\/www.sudoestehoje.com.br\/novoportal\/wp-json\/wp\/v2\/categories?post=38582"},{"taxonomy":"post_tag","embeddable":true,"href":"https:\/\/www.sudoestehoje.com.br\/novoportal\/wp-json\/wp\/v2\/tags?post=38582"}],"curies":[{"name":"wp","href":"https:\/\/api.w.org\/{rel}","templated":true}]}}