
{"id":3858,"date":"2011-03-14T22:22:17","date_gmt":"2011-03-15T01:22:17","guid":{"rendered":"http:\/\/www.sudoestehoje.com.br\/novoportal\/?p=3858"},"modified":"2011-03-14T22:29:06","modified_gmt":"2011-03-15T01:29:06","slug":"conquista-pm-atira-na-ex-e-depois-suicida","status":"publish","type":"post","link":"https:\/\/www.sudoestehoje.com.br\/novoportal\/2011\/03\/14\/conquista-pm-atira-na-ex-e-depois-suicida\/","title":{"rendered":"CONQUISTA: PM ATIRA NA EX E DEPOIS SUICIDA"},"content":{"rendered":"<p style=\"text-align: center;\"><em>Fotos: Rodrigo Ferraz \/ Resenha Geral<\/em><br \/>\n<img loading=\"lazy\" decoding=\"async\" class=\"aligncenter\" src=\"http:\/\/www.bahianoticias.com.br\/fotos\/editor\/Image\/FOTOS%20NOVAS\/policial_tiros_blog_rodrigoferraz_resenhageral.jpg\" alt=\"\" width=\"350\" height=\"283\" \/><em><strong>PM\u00a0foi socorrido, mas n\u00e3o resistiu ao ferimento<\/strong><\/em><\/p>\n<p>\u00a0<\/p>\n<p>VIT\u00d3RIA DA CONQUISTA: O Hospital Geral de Vit\u00f3ria da Conquista (HGVC) confirmou a morte do soldado da Pol\u00edcia Militar Ronilson Alves Ribeiro, de 37 anos, que\u00a0atirou na ex-namorada dentro de uma loja em Vit\u00f3ria da Conquista, no sudoeste baiano, e logo efetuou um disparo na pr\u00f3pria cabe\u00e7a, na tarde desta segunda-feira (14).<\/p>\n<p style=\"text-align: center;\"><img loading=\"lazy\" decoding=\"async\" class=\"aligncenter\" src=\"http:\/\/www.bahianoticias.com.br\/fotos\/editor\/Image\/FOTOS%20NOVAS\/mulher_pm_conquista_rodrigoferraz_resenhageral.jpg\" alt=\"\" width=\"350\" height=\"234\" \/><em><strong>Mulher atingida por tiros foi socorrida e permanece em estado grave<\/strong><\/em><\/p>\n<p>De acordo com boletim m\u00e9dico divulgado pelo HGVC, o PM n\u00e3o resistiu ao ferimento e veio a \u00f3bito \u00e0s 15h34, ap\u00f3s uma s\u00e9rie de tentativas de reanim\u00e1-lo. A mulher atingida pelos disparos continua em estado grave. Trata-se de uma comerci\u00e1ria, ainda n\u00e3o identificada, que seria namorada do militar. O crime ocorreu\u00a0em uma\u00a0loja localizada na Rua Dois de Julho, uma das mais movimentadas do com\u00e9rcio de Conquista. Informa\u00e7\u00f5es do Blog do Anderson.<\/p>\n<p><em>\u00a0<\/em><\/p>\n","protected":false},"excerpt":{"rendered":"<p>Fotos: Rodrigo Ferraz \/ Resenha Geral PM\u00a0foi socorrido, mas n\u00e3o resistiu ao ferimento \u00a0 VIT\u00d3RIA DA CONQUISTA: O Hospital Geral de Vit\u00f3ria da Conquista (HGVC) confirmou a morte do soldado da Pol\u00edcia Militar Ronilson Alves Ribeiro, de 37 anos, que\u00a0atirou na ex-namorada dentro de uma loja em Vit\u00f3ria da Conquista, no sudoeste baiano, e logo [&hellip;]<\/p>\n","protected":false},"author":2,"featured_media":0,"comment_status":"open","ping_status":"open","sticky":false,"template":"","format":"standard","meta":{"footnotes":"","_links_to":"","_links_to_target":""},"categories":[1],"tags":[],"class_list":["post-3858","post","type-post","status-publish","format-standard","hentry","category-geral"],"views":1312,"_links":{"self":[{"href":"https:\/\/www.sudoestehoje.com.br\/novoportal\/wp-json\/wp\/v2\/posts\/3858","targetHints":{"allow":["GET"]}}],"collection":[{"href":"https:\/\/www.sudoestehoje.com.br\/novoportal\/wp-json\/wp\/v2\/posts"}],"about":[{"href":"https:\/\/www.sudoestehoje.com.br\/novoportal\/wp-json\/wp\/v2\/types\/post"}],"author":[{"embeddable":true,"href":"https:\/\/www.sudoestehoje.com.br\/novoportal\/wp-json\/wp\/v2\/users\/2"}],"replies":[{"embeddable":true,"href":"https:\/\/www.sudoestehoje.com.br\/novoportal\/wp-json\/wp\/v2\/comments?post=3858"}],"version-history":[{"count":6,"href":"https:\/\/www.sudoestehoje.com.br\/novoportal\/wp-json\/wp\/v2\/posts\/3858\/revisions"}],"predecessor-version":[{"id":3862,"href":"https:\/\/www.sudoestehoje.com.br\/novoportal\/wp-json\/wp\/v2\/posts\/3858\/revisions\/3862"}],"wp:attachment":[{"href":"https:\/\/www.sudoestehoje.com.br\/novoportal\/wp-json\/wp\/v2\/media?parent=3858"}],"wp:term":[{"taxonomy":"category","embeddable":true,"href":"https:\/\/www.sudoestehoje.com.br\/novoportal\/wp-json\/wp\/v2\/categories?post=3858"},{"taxonomy":"post_tag","embeddable":true,"href":"https:\/\/www.sudoestehoje.com.br\/novoportal\/wp-json\/wp\/v2\/tags?post=3858"}],"curies":[{"name":"wp","href":"https:\/\/api.w.org\/{rel}","templated":true}]}}