
{"id":38575,"date":"2014-06-25T19:57:42","date_gmt":"2014-06-25T22:57:42","guid":{"rendered":"http:\/\/www.sudoestehoje.com.br\/novoportal\/?p=38575"},"modified":"2014-06-25T21:08:25","modified_gmt":"2014-06-26T00:08:25","slug":"para-nao-perder-apoio-do-pr-dilma-tira-cesar-borges-de-ministerio","status":"publish","type":"post","link":"https:\/\/www.sudoestehoje.com.br\/novoportal\/2014\/06\/25\/para-nao-perder-apoio-do-pr-dilma-tira-cesar-borges-de-ministerio\/","title":{"rendered":"PARA N\u00c3O PERDER APOIO DO PR, DILMA TIRA CESAR BORGES DE MINIST\u00c9RIO"},"content":{"rendered":"<p style=\"text-align: center;\"><a href=\"http:\/\/www.sudoestehoje.com.br\/novoportal\/wp-content\/uploads\/2014\/06\/cesar-e-dilma.jpg\"><img loading=\"lazy\" decoding=\"async\" class=\"aligncenter size-medium wp-image-38580\" alt=\"cesar e dilma\" src=\"http:\/\/www.sudoestehoje.com.br\/novoportal\/wp-content\/uploads\/2014\/06\/cesar-e-dilma-500x271.jpg\" width=\"500\" height=\"271\" srcset=\"https:\/\/www.sudoestehoje.com.br\/novoportal\/wp-content\/uploads\/2014\/06\/cesar-e-dilma-500x271.jpg 500w, https:\/\/www.sudoestehoje.com.br\/novoportal\/wp-content\/uploads\/2014\/06\/cesar-e-dilma.jpg 590w\" sizes=\"auto, (max-width: 500px) 100vw, 500px\" \/><\/a><\/p>\n<p>Por exig\u00eancia da dire\u00e7\u00e3o nacional do PR, a presidente Dilma Rousseff (PT) vai afastar o ministro dos Transportes, C\u00e9sar Borges (PR), devendo acomod\u00e1-lo na Secretaria de Portos. O atual titular da pasta, Antonio Henrique, foi chamado pela mandat\u00e1ria na manh\u00e3 desta quarta-feira (25) para debater a mudan\u00e7a.\u00a0A troca faz parte de uma exig\u00eancia do PR para apoiar a candidatura \u00e0 reelei\u00e7\u00e3o da petista.<\/p>\n<p>A parceria com o PR come\u00e7ou ainda em 2002, quando Jos\u00e9 Alencar concorreu \u00e0s elei\u00e7\u00f5es presidenciais como vice de Luiz In\u00e1cio Lula da Silva. Borges chegou ao Pal\u00e1cio do Alvorada por volta das 8h50 desta quarta, acompanhado pelo ministro da Casa Civil, Aloizio Mercadante.\u00a0Ele assumiu, em abril de 2013, o lugar de Paulo S\u00e9rgio Passos, que estava no cargo desde julho de 2011.<\/p>\n<p>Apesar de filiado ao PR, o ex-senador baiano era considerado uma escolha t\u00e9cnica da pr\u00f3pria presidente e n\u00e3o da legenda. Membros do PR afirmaram \u00e0 reportagem da Folha que Paulo S\u00e9rgio Passos deve retomar a vaga de ministro.<\/p>\n","protected":false},"excerpt":{"rendered":"<p>Por exig\u00eancia da dire\u00e7\u00e3o nacional do PR, a presidente Dilma Rousseff (PT) vai afastar o ministro dos Transportes, C\u00e9sar Borges (PR), devendo acomod\u00e1-lo na Secretaria de Portos. O atual titular da pasta, Antonio Henrique, foi chamado pela mandat\u00e1ria na manh\u00e3 desta quarta-feira (25) para debater a mudan\u00e7a.\u00a0A troca faz parte de uma exig\u00eancia do PR [&hellip;]<\/p>\n","protected":false},"author":2,"featured_media":0,"comment_status":"open","ping_status":"open","sticky":false,"template":"","format":"standard","meta":{"footnotes":"","_links_to":"","_links_to_target":""},"categories":[1],"tags":[],"class_list":["post-38575","post","type-post","status-publish","format-standard","hentry","category-geral"],"views":1171,"_links":{"self":[{"href":"https:\/\/www.sudoestehoje.com.br\/novoportal\/wp-json\/wp\/v2\/posts\/38575","targetHints":{"allow":["GET"]}}],"collection":[{"href":"https:\/\/www.sudoestehoje.com.br\/novoportal\/wp-json\/wp\/v2\/posts"}],"about":[{"href":"https:\/\/www.sudoestehoje.com.br\/novoportal\/wp-json\/wp\/v2\/types\/post"}],"author":[{"embeddable":true,"href":"https:\/\/www.sudoestehoje.com.br\/novoportal\/wp-json\/wp\/v2\/users\/2"}],"replies":[{"embeddable":true,"href":"https:\/\/www.sudoestehoje.com.br\/novoportal\/wp-json\/wp\/v2\/comments?post=38575"}],"version-history":[{"count":5,"href":"https:\/\/www.sudoestehoje.com.br\/novoportal\/wp-json\/wp\/v2\/posts\/38575\/revisions"}],"predecessor-version":[{"id":38581,"href":"https:\/\/www.sudoestehoje.com.br\/novoportal\/wp-json\/wp\/v2\/posts\/38575\/revisions\/38581"}],"wp:attachment":[{"href":"https:\/\/www.sudoestehoje.com.br\/novoportal\/wp-json\/wp\/v2\/media?parent=38575"}],"wp:term":[{"taxonomy":"category","embeddable":true,"href":"https:\/\/www.sudoestehoje.com.br\/novoportal\/wp-json\/wp\/v2\/categories?post=38575"},{"taxonomy":"post_tag","embeddable":true,"href":"https:\/\/www.sudoestehoje.com.br\/novoportal\/wp-json\/wp\/v2\/tags?post=38575"}],"curies":[{"name":"wp","href":"https:\/\/api.w.org\/{rel}","templated":true}]}}