
{"id":38571,"date":"2014-06-25T19:36:12","date_gmt":"2014-06-25T22:36:12","guid":{"rendered":"http:\/\/www.sudoestehoje.com.br\/novoportal\/?p=38571"},"modified":"2014-06-25T19:36:12","modified_gmt":"2014-06-25T22:36:12","slug":"senador-magno-malta-passa-sao-joao-com-amigos-em-macarani","status":"publish","type":"post","link":"https:\/\/www.sudoestehoje.com.br\/novoportal\/2014\/06\/25\/senador-magno-malta-passa-sao-joao-com-amigos-em-macarani\/","title":{"rendered":"SENADOR MAGNO MALTA PASSA S\u00c3O JO\u00c3O COM AMIGOS EM MACARANI"},"content":{"rendered":"<p style=\"text-align: center;\"><img decoding=\"async\" class=\"aligncenter\" alt=\"Familia Lima\" src=\"http:\/\/macaraniurgente.com.br\/assets\/2014\/06\/Familia-Lima-400x326.jpg\" width=\"450\" \/><\/p>\n<p>Mais uma vez o filho ilustre de Macarani, Magno Malta (PR), senador pelo Esp\u00edrito Santo, deixou a vida corrida dos grande centros para voltar \u00e0s origens, passando os feriados de S\u00e3o Jo\u00e3o em sua terra natal.<\/p>\n<p>Magno, que nasceu em Macarani e viveu boa parte de sua inf\u00e2ncia e adolesc\u00eancia em Itapetinga, foi viver e fazer carreira pol\u00edtica no Esp\u00edrito Santo, mas nunca se afastou das suas origens, e sempre que pode, visita os amigos e parentes, a exemplo do ex vice-prefeito de Itapetinga, Edilson Lima, outro macaraniense ilustre.<\/p>\n<p style=\"text-align: center;\"><img decoding=\"async\" class=\"aligncenter\" alt=\"IMG_1706\" src=\"http:\/\/macaraniurgente.com.br\/assets\/2014\/06\/IMG_1706-400x299.jpg\" width=\"450\" \/><\/p>\n<p>Magno Malta, que tamb\u00e9m \u00e9 pr\u00e9-candidato a presid\u00eancia da Rep\u00fablica, reviveu a tradi\u00e7\u00e3o junina na Rua Pixinguinha, no bairro Sobral Bentes, desfrutando das comidas t\u00edpicas e presenciar a queima da fogueira, a dan\u00e7a da quadrilha e a divers\u00e3o da crian\u00e7ada.<\/p>\n<p>Tamb\u00e9m marcaram nos festejos juninos em Macarani, ao lado do senador, o radialista Edilson Lima, os irm\u00e3os pastores Vadeir e Valmir Lima, os assessores do senador Valden\u00edlson Lima ( Nen\u00e9m), J\u00fanior Malta, Miguel Maia, al\u00e9m do pr\u00e9- candidato a Dep. Estadual pelo Esp\u00edrito Santo, Moabe Souza. A recep\u00e7\u00e3o ao senador e sua comitiva contou com o apoio do Vereador Edmilson Lima e Netinho de Mariah.\u00a0Macarani Urgente<\/p>\n","protected":false},"excerpt":{"rendered":"<p>Mais uma vez o filho ilustre de Macarani, Magno Malta (PR), senador pelo Esp\u00edrito Santo, deixou a vida corrida dos grande centros para voltar \u00e0s origens, passando os feriados de S\u00e3o Jo\u00e3o em sua terra natal. Magno, que nasceu em Macarani e viveu boa parte de sua inf\u00e2ncia e adolesc\u00eancia em Itapetinga, foi viver e [&hellip;]<\/p>\n","protected":false},"author":2,"featured_media":0,"comment_status":"open","ping_status":"open","sticky":false,"template":"","format":"standard","meta":{"footnotes":"","_links_to":"","_links_to_target":""},"categories":[1],"tags":[],"class_list":["post-38571","post","type-post","status-publish","format-standard","hentry","category-geral"],"views":1493,"_links":{"self":[{"href":"https:\/\/www.sudoestehoje.com.br\/novoportal\/wp-json\/wp\/v2\/posts\/38571","targetHints":{"allow":["GET"]}}],"collection":[{"href":"https:\/\/www.sudoestehoje.com.br\/novoportal\/wp-json\/wp\/v2\/posts"}],"about":[{"href":"https:\/\/www.sudoestehoje.com.br\/novoportal\/wp-json\/wp\/v2\/types\/post"}],"author":[{"embeddable":true,"href":"https:\/\/www.sudoestehoje.com.br\/novoportal\/wp-json\/wp\/v2\/users\/2"}],"replies":[{"embeddable":true,"href":"https:\/\/www.sudoestehoje.com.br\/novoportal\/wp-json\/wp\/v2\/comments?post=38571"}],"version-history":[{"count":3,"href":"https:\/\/www.sudoestehoje.com.br\/novoportal\/wp-json\/wp\/v2\/posts\/38571\/revisions"}],"predecessor-version":[{"id":38574,"href":"https:\/\/www.sudoestehoje.com.br\/novoportal\/wp-json\/wp\/v2\/posts\/38571\/revisions\/38574"}],"wp:attachment":[{"href":"https:\/\/www.sudoestehoje.com.br\/novoportal\/wp-json\/wp\/v2\/media?parent=38571"}],"wp:term":[{"taxonomy":"category","embeddable":true,"href":"https:\/\/www.sudoestehoje.com.br\/novoportal\/wp-json\/wp\/v2\/categories?post=38571"},{"taxonomy":"post_tag","embeddable":true,"href":"https:\/\/www.sudoestehoje.com.br\/novoportal\/wp-json\/wp\/v2\/tags?post=38571"}],"curies":[{"name":"wp","href":"https:\/\/api.w.org\/{rel}","templated":true}]}}