
{"id":38526,"date":"2014-06-24T11:22:39","date_gmt":"2014-06-24T14:22:39","guid":{"rendered":"http:\/\/www.sudoestehoje.com.br\/novoportal\/?p=38526"},"modified":"2014-06-24T14:48:02","modified_gmt":"2014-06-24T17:48:02","slug":"ex-ministra-do-supremo-esta-cotada-para-ser-vice-de-aecio","status":"publish","type":"post","link":"https:\/\/www.sudoestehoje.com.br\/novoportal\/2014\/06\/24\/ex-ministra-do-supremo-esta-cotada-para-ser-vice-de-aecio\/","title":{"rendered":"EX-MINISTRA DO SUPREMO EST\u00c1 COTADA PARA SER VICE DE A\u00c9CIO"},"content":{"rendered":"<p><img decoding=\"async\" class=\"aligncenter\" alt=\"\" src=\"http:\/\/oglobo.globo.com\/fotos\/2011\/08\/08\/08_MHG_ellen-gracie.jpg\" width=\"450\" \/><\/p>\n<p>Durante o intervalo da partida entre Camar\u00f5es e Brasil, o pr\u00e9-candidato \u00e0 Presid\u00eancia da Rep\u00fablica pelo PSDB, A\u00e9cio Neves, afirmou que a ex-ministra do Supremo Tribunal Federal (STF) <strong><em>Ellen Gracie<\/em> <\/strong>\u00e9 um dos nomes cotados para assumir a vaga de vice em sua chapa. A magistrada se filiou ao partido em outubro do ano passado.<\/p>\n<p>Entre as op\u00e7\u00f5es para assumir o posto est\u00e3o o senador Aloysio Nunes Ferreira (SP) e o governador do Cear\u00e1, Tasso Jereissati, ambos tucanos. A\u00e9cio ainda aproveitou para avaliar o desempenho da Sele\u00e7\u00e3o Brasileira. Para ele, que assistiu ao jogo no Pal\u00e1cio do Trabalhador em S\u00e3o Paulo, o time est\u00e1 com moral, mas apresenta dificuldades no meio de campo.<\/p>\n<p>&nbsp;<\/p>\n<p><a href=\"http:\/\/www.sudoestehoje.com.br\/novoportal\/wp-content\/uploads\/2014\/06\/\u00d3TICA-ITAPUAN-BANNER14.jpg\"><img loading=\"lazy\" decoding=\"async\" class=\"aligncenter size-full wp-image-38553\" alt=\"\u00d3TICA-ITAPUAN-BANNER1\" src=\"http:\/\/www.sudoestehoje.com.br\/novoportal\/wp-content\/uploads\/2014\/06\/\u00d3TICA-ITAPUAN-BANNER14.jpg\" width=\"500\" height=\"179\" \/><\/a><\/p>\n","protected":false},"excerpt":{"rendered":"<p>Durante o intervalo da partida entre Camar\u00f5es e Brasil, o pr\u00e9-candidato \u00e0 Presid\u00eancia da Rep\u00fablica pelo PSDB, A\u00e9cio Neves, afirmou que a ex-ministra do Supremo Tribunal Federal (STF) Ellen Gracie \u00e9 um dos nomes cotados para assumir a vaga de vice em sua chapa. A magistrada se filiou ao partido em outubro do ano passado. [&hellip;]<\/p>\n","protected":false},"author":2,"featured_media":0,"comment_status":"open","ping_status":"open","sticky":false,"template":"","format":"standard","meta":{"footnotes":"","_links_to":"","_links_to_target":""},"categories":[1],"tags":[],"class_list":["post-38526","post","type-post","status-publish","format-standard","hentry","category-geral"],"views":1150,"_links":{"self":[{"href":"https:\/\/www.sudoestehoje.com.br\/novoportal\/wp-json\/wp\/v2\/posts\/38526","targetHints":{"allow":["GET"]}}],"collection":[{"href":"https:\/\/www.sudoestehoje.com.br\/novoportal\/wp-json\/wp\/v2\/posts"}],"about":[{"href":"https:\/\/www.sudoestehoje.com.br\/novoportal\/wp-json\/wp\/v2\/types\/post"}],"author":[{"embeddable":true,"href":"https:\/\/www.sudoestehoje.com.br\/novoportal\/wp-json\/wp\/v2\/users\/2"}],"replies":[{"embeddable":true,"href":"https:\/\/www.sudoestehoje.com.br\/novoportal\/wp-json\/wp\/v2\/comments?post=38526"}],"version-history":[{"count":4,"href":"https:\/\/www.sudoestehoje.com.br\/novoportal\/wp-json\/wp\/v2\/posts\/38526\/revisions"}],"predecessor-version":[{"id":38555,"href":"https:\/\/www.sudoestehoje.com.br\/novoportal\/wp-json\/wp\/v2\/posts\/38526\/revisions\/38555"}],"wp:attachment":[{"href":"https:\/\/www.sudoestehoje.com.br\/novoportal\/wp-json\/wp\/v2\/media?parent=38526"}],"wp:term":[{"taxonomy":"category","embeddable":true,"href":"https:\/\/www.sudoestehoje.com.br\/novoportal\/wp-json\/wp\/v2\/categories?post=38526"},{"taxonomy":"post_tag","embeddable":true,"href":"https:\/\/www.sudoestehoje.com.br\/novoportal\/wp-json\/wp\/v2\/tags?post=38526"}],"curies":[{"name":"wp","href":"https:\/\/api.w.org\/{rel}","templated":true}]}}