
{"id":38524,"date":"2014-06-24T11:06:21","date_gmt":"2014-06-24T14:06:21","guid":{"rendered":"http:\/\/www.sudoestehoje.com.br\/novoportal\/?p=38524"},"modified":"2014-06-24T14:50:50","modified_gmt":"2014-06-24T17:50:50","slug":"sarney-nao-disputara-reeleicao","status":"publish","type":"post","link":"https:\/\/www.sudoestehoje.com.br\/novoportal\/2014\/06\/24\/sarney-nao-disputara-reeleicao\/","title":{"rendered":"SARNEY N\u00c3O DISPUTAR\u00c1 REELEI\u00c7\u00c3O"},"content":{"rendered":"<p style=\"text-align: center;\"><img decoding=\"async\" class=\"aligncenter\" alt=\"\" src=\"http:\/\/www.fabiocampana.com.br\/wp-content\/uploads\/2011\/02\/Jos%C3%A9-Sarney.jpg\" width=\"450\" \/><\/p>\n<p>Aos 84 anos de idade, 60 deles dedicados \u00e0 pol\u00edtica, o senador Jos\u00e9 Sarney (PMDB-AP) comunicou a aliados que n\u00e3o vai se candidatar \u00e0 reelei\u00e7\u00e3o ao Senado. Sarney justificou a aposentadoria dizendo que pretende ficar mais tempo ao lado de sua mulher, Marli, que est\u00e1 doente e vive em S\u00e3o Lu\u00eds, capital do Maranh\u00e3o. No entanto, pesou na decis\u00e3o o cen\u00e1rio pol\u00edtico desfavor\u00e1vel. Pesquisas locais mostram alta rejei\u00e7\u00e3o a Sarney no Amap\u00e1.<\/p>\n<p>Nesta segunda-feira, 23, ele foi vaiado durante evento ao lado da presidente Dilma Rousseff, em Macap\u00e1. \u201cConversei hoje com a presidente Dilma e disse a ela que a situa\u00e7\u00e3o est\u00e1 muito complicada. Acredito que n\u00e3o vou concorrer ao Senado\u201d, disse Sarney ao presidente do PMDB do Amap\u00e1, o ex-senador Gilvan Borges.<\/p>\n<p>Sarney teve o seu primeiro mandato em 1954, como suplente na C\u00e2mara Federal e, desde ent\u00e3o, j\u00e1 ocupou cadeiras de deputado, governador do Maranh\u00e3o, presidente da Rep\u00fablica, em 1985, ap\u00f3s a morte de Tancredo Neves, e senador ininterruptamente h\u00e1 23 anos. Em 1990 ele mudou o domic\u00edlio eleitoral para concorrer ao Senado pelo Amap\u00e1, a fim de a filha, Roseana Sarney, ser eleita para o mesmo cargo pelo estado natal.<\/p>\n<p>&nbsp;<\/p>\n<p><a href=\"http:\/\/www.sudoestehoje.com.br\/novoportal\/wp-content\/uploads\/2014\/06\/Turmalina-13.jpg\"><img loading=\"lazy\" decoding=\"async\" class=\"aligncenter size-medium wp-image-38556\" alt=\"Turmalina 1\" src=\"http:\/\/www.sudoestehoje.com.br\/novoportal\/wp-content\/uploads\/2014\/06\/Turmalina-13-500x166.jpg\" width=\"500\" height=\"166\" srcset=\"https:\/\/www.sudoestehoje.com.br\/novoportal\/wp-content\/uploads\/2014\/06\/Turmalina-13-500x166.jpg 500w, https:\/\/www.sudoestehoje.com.br\/novoportal\/wp-content\/uploads\/2014\/06\/Turmalina-13-700x233.jpg 700w, https:\/\/www.sudoestehoje.com.br\/novoportal\/wp-content\/uploads\/2014\/06\/Turmalina-13.jpg 960w\" sizes=\"auto, (max-width: 500px) 100vw, 500px\" \/><\/a><\/p>\n","protected":false},"excerpt":{"rendered":"<p>Aos 84 anos de idade, 60 deles dedicados \u00e0 pol\u00edtica, o senador Jos\u00e9 Sarney (PMDB-AP) comunicou a aliados que n\u00e3o vai se candidatar \u00e0 reelei\u00e7\u00e3o ao Senado. Sarney justificou a aposentadoria dizendo que pretende ficar mais tempo ao lado de sua mulher, Marli, que est\u00e1 doente e vive em S\u00e3o Lu\u00eds, capital do Maranh\u00e3o. No [&hellip;]<\/p>\n","protected":false},"author":2,"featured_media":0,"comment_status":"open","ping_status":"open","sticky":false,"template":"","format":"standard","meta":{"footnotes":"","_links_to":"","_links_to_target":""},"categories":[1],"tags":[],"class_list":["post-38524","post","type-post","status-publish","format-standard","hentry","category-geral"],"views":1228,"_links":{"self":[{"href":"https:\/\/www.sudoestehoje.com.br\/novoportal\/wp-json\/wp\/v2\/posts\/38524","targetHints":{"allow":["GET"]}}],"collection":[{"href":"https:\/\/www.sudoestehoje.com.br\/novoportal\/wp-json\/wp\/v2\/posts"}],"about":[{"href":"https:\/\/www.sudoestehoje.com.br\/novoportal\/wp-json\/wp\/v2\/types\/post"}],"author":[{"embeddable":true,"href":"https:\/\/www.sudoestehoje.com.br\/novoportal\/wp-json\/wp\/v2\/users\/2"}],"replies":[{"embeddable":true,"href":"https:\/\/www.sudoestehoje.com.br\/novoportal\/wp-json\/wp\/v2\/comments?post=38524"}],"version-history":[{"count":4,"href":"https:\/\/www.sudoestehoje.com.br\/novoportal\/wp-json\/wp\/v2\/posts\/38524\/revisions"}],"predecessor-version":[{"id":38557,"href":"https:\/\/www.sudoestehoje.com.br\/novoportal\/wp-json\/wp\/v2\/posts\/38524\/revisions\/38557"}],"wp:attachment":[{"href":"https:\/\/www.sudoestehoje.com.br\/novoportal\/wp-json\/wp\/v2\/media?parent=38524"}],"wp:term":[{"taxonomy":"category","embeddable":true,"href":"https:\/\/www.sudoestehoje.com.br\/novoportal\/wp-json\/wp\/v2\/categories?post=38524"},{"taxonomy":"post_tag","embeddable":true,"href":"https:\/\/www.sudoestehoje.com.br\/novoportal\/wp-json\/wp\/v2\/tags?post=38524"}],"curies":[{"name":"wp","href":"https:\/\/api.w.org\/{rel}","templated":true}]}}