
{"id":38501,"date":"2014-06-22T19:09:23","date_gmt":"2014-06-22T22:09:23","guid":{"rendered":"http:\/\/www.sudoestehoje.com.br\/novoportal\/?p=38501"},"modified":"2014-06-22T19:09:23","modified_gmt":"2014-06-22T22:09:23","slug":"pr-condiciona-apoio-a-dilma-a-saida-do-baiano-cesar-borges","status":"publish","type":"post","link":"https:\/\/www.sudoestehoje.com.br\/novoportal\/2014\/06\/22\/pr-condiciona-apoio-a-dilma-a-saida-do-baiano-cesar-borges\/","title":{"rendered":"PR CONDICIONA APOIO A DILMA \u00c0 SA\u00cdDA DO BAIANO C\u00c9SAR BORGES"},"content":{"rendered":"<p><img decoding=\"async\" class=\"alignleft\" alt=\"\" src=\"http:\/\/arimoura.com.br\/wp-content\/uploads\/2013\/03\/Dilma-e-Cesar-Borges.jpg\" width=\"300\" \/><\/p>\n<p>Em encontro hoje, a maioria dos convencionais do PR resolveu delegar \u00e0 executiva nacional a decis\u00e3o de apoiar ou n\u00e3o a reelei\u00e7\u00e3o da presidente Dilma Rousseff (PT). A condi\u00e7\u00e3o para o apoio, entretanto, \u00e9 a presidente substituir o ministro C\u00e9sar Borges (Transportes). Os convencionais decidiram ainda dar prazo at\u00e9 a pr\u00f3xima semana para que o ministro seja substitu\u00eddo. Borges, que \u00e9 baiano, se encontra no exterior.<\/p>\n<p>A iniciativa dos convencionais ocorre um dia depois de a executiva nacional ter decidido intervir na se\u00e7\u00e3o baiana do partido, comandado na Bahia pelo deputado federal Jos\u00e9 Rocha, aliado de Borges. Rocha permanece presidente, mas perde o controle da agremia\u00e7\u00e3o. As decis\u00f5es s\u00e3o decorrentes da briga pessoal ocorrida entre Borges e o \u201cdono\u201d do PR, o ex-deputado Waldemar da Costa Neto, preso por envolvimento no mensal\u00e3o.<\/p>\n<p>Da \u00faltima vez que se falou sobre a sa\u00edda de C\u00e9sar Borges do Minist\u00e9rio, Dilma respondeu: &#8220;N\u00e3o tiro o C\u00e9sar nem a pau&#8221;. Vamos ver agora&#8230;<\/p>\n","protected":false},"excerpt":{"rendered":"<p>Em encontro hoje, a maioria dos convencionais do PR resolveu delegar \u00e0 executiva nacional a decis\u00e3o de apoiar ou n\u00e3o a reelei\u00e7\u00e3o da presidente Dilma Rousseff (PT). A condi\u00e7\u00e3o para o apoio, entretanto, \u00e9 a presidente substituir o ministro C\u00e9sar Borges (Transportes). Os convencionais decidiram ainda dar prazo at\u00e9 a pr\u00f3xima semana para que o [&hellip;]<\/p>\n","protected":false},"author":2,"featured_media":0,"comment_status":"open","ping_status":"open","sticky":false,"template":"","format":"standard","meta":{"footnotes":"","_links_to":"","_links_to_target":""},"categories":[1],"tags":[],"class_list":["post-38501","post","type-post","status-publish","format-standard","hentry","category-geral"],"views":1195,"_links":{"self":[{"href":"https:\/\/www.sudoestehoje.com.br\/novoportal\/wp-json\/wp\/v2\/posts\/38501","targetHints":{"allow":["GET"]}}],"collection":[{"href":"https:\/\/www.sudoestehoje.com.br\/novoportal\/wp-json\/wp\/v2\/posts"}],"about":[{"href":"https:\/\/www.sudoestehoje.com.br\/novoportal\/wp-json\/wp\/v2\/types\/post"}],"author":[{"embeddable":true,"href":"https:\/\/www.sudoestehoje.com.br\/novoportal\/wp-json\/wp\/v2\/users\/2"}],"replies":[{"embeddable":true,"href":"https:\/\/www.sudoestehoje.com.br\/novoportal\/wp-json\/wp\/v2\/comments?post=38501"}],"version-history":[{"count":1,"href":"https:\/\/www.sudoestehoje.com.br\/novoportal\/wp-json\/wp\/v2\/posts\/38501\/revisions"}],"predecessor-version":[{"id":38502,"href":"https:\/\/www.sudoestehoje.com.br\/novoportal\/wp-json\/wp\/v2\/posts\/38501\/revisions\/38502"}],"wp:attachment":[{"href":"https:\/\/www.sudoestehoje.com.br\/novoportal\/wp-json\/wp\/v2\/media?parent=38501"}],"wp:term":[{"taxonomy":"category","embeddable":true,"href":"https:\/\/www.sudoestehoje.com.br\/novoportal\/wp-json\/wp\/v2\/categories?post=38501"},{"taxonomy":"post_tag","embeddable":true,"href":"https:\/\/www.sudoestehoje.com.br\/novoportal\/wp-json\/wp\/v2\/tags?post=38501"}],"curies":[{"name":"wp","href":"https:\/\/api.w.org\/{rel}","templated":true}]}}