
{"id":38499,"date":"2014-06-22T18:54:51","date_gmt":"2014-06-22T21:54:51","guid":{"rendered":"http:\/\/www.sudoestehoje.com.br\/novoportal\/?p=38499"},"modified":"2014-06-22T18:54:51","modified_gmt":"2014-06-22T21:54:51","slug":"governo-e-tao-ruim-que-ate-o-pt-quer-muda-lo-diz-aecio","status":"publish","type":"post","link":"https:\/\/www.sudoestehoje.com.br\/novoportal\/2014\/06\/22\/governo-e-tao-ruim-que-ate-o-pt-quer-muda-lo-diz-aecio\/","title":{"rendered":"&#8220;GOVERNO \u00c9 T\u00c3O RUIM QUE AT\u00c9 O PT QUER MUD\u00c1-LO&#8221;, DIZ A\u00c9CIO"},"content":{"rendered":"<p><img decoding=\"async\" class=\"aligncenter\" alt=\"\" src=\"http:\/\/3.bp.blogspot.com\/-cfpfzskvktY\/U6bAoJP5FDI\/AAAAAAAAKZk\/59vj03h922I\/s1600\/aecio_Paulinho.jpg\" width=\"500\" \/><\/p>\n<p>O candidato do PSDB \u00e0 Presid\u00eancia, A\u00e9cio Neves, disse neste s\u00e1bado que o governo da presidente Dilma Rousseff \u00e9 <em>\u201ct\u00e3o ruim que at\u00e9 o PT quer mud\u00e1-lo\u201d<\/em>. O tucano aproveitou o fato de receber o apoio do Solidariedade (SDD) em S\u00e3o Paulo no mesmo hor\u00e1rio em que os petistas realizavam conven\u00e7\u00e3o nacional, em Bras\u00edlia, para criticar sua advers\u00e1ria na elei\u00e7\u00e3o.<\/p>\n<p><em>\u201cSabe qual \u00e9 a palavra que mais se fala hoje (ontem) na conven\u00e7\u00e3o do PT? \u00c9 mudan\u00e7a! A constata\u00e7\u00e3o que eu fa\u00e7o \u00e9 que esse governo \u00e9 t\u00e3o ruim que at\u00e9 o PT quer mud\u00e1-lo\u201d<\/em>, afirmou. Em sua mais dif\u00edcil disputa presidencial desde 2002, o PT adotar\u00e1 o slogan Mais Mudan\u00e7as, Mais Futuro, e Dilma deve refor\u00e7ar o discurso de que s\u00f3 quem fez no passado \u00e9 capaz de fazer mais de agora em diante.<\/p>\n<p>Na conven\u00e7\u00e3o do SDD, A\u00e9cio foi recebido com festa pelos militantes do partido criado no ano passado pelo deputado Paulo Pereira da Silva (SP), o Paulinho da For\u00e7a, e apontado pelo anfitri\u00e3o como a \u201cpessoa certa\u201d para fazer as mudan\u00e7as. Paulinho, como prometido aos tucanos, evitou ataques diretos \u00e0 Dilma.\u00a0As informa\u00e7\u00f5es s\u00e3o do jornal O Estado de S. Paulo.<\/p>\n","protected":false},"excerpt":{"rendered":"<p>O candidato do PSDB \u00e0 Presid\u00eancia, A\u00e9cio Neves, disse neste s\u00e1bado que o governo da presidente Dilma Rousseff \u00e9 \u201ct\u00e3o ruim que at\u00e9 o PT quer mud\u00e1-lo\u201d. O tucano aproveitou o fato de receber o apoio do Solidariedade (SDD) em S\u00e3o Paulo no mesmo hor\u00e1rio em que os petistas realizavam conven\u00e7\u00e3o nacional, em Bras\u00edlia, para [&hellip;]<\/p>\n","protected":false},"author":2,"featured_media":0,"comment_status":"open","ping_status":"open","sticky":false,"template":"","format":"standard","meta":{"footnotes":"","_links_to":"","_links_to_target":""},"categories":[1],"tags":[],"class_list":["post-38499","post","type-post","status-publish","format-standard","hentry","category-geral"],"views":1237,"_links":{"self":[{"href":"https:\/\/www.sudoestehoje.com.br\/novoportal\/wp-json\/wp\/v2\/posts\/38499","targetHints":{"allow":["GET"]}}],"collection":[{"href":"https:\/\/www.sudoestehoje.com.br\/novoportal\/wp-json\/wp\/v2\/posts"}],"about":[{"href":"https:\/\/www.sudoestehoje.com.br\/novoportal\/wp-json\/wp\/v2\/types\/post"}],"author":[{"embeddable":true,"href":"https:\/\/www.sudoestehoje.com.br\/novoportal\/wp-json\/wp\/v2\/users\/2"}],"replies":[{"embeddable":true,"href":"https:\/\/www.sudoestehoje.com.br\/novoportal\/wp-json\/wp\/v2\/comments?post=38499"}],"version-history":[{"count":1,"href":"https:\/\/www.sudoestehoje.com.br\/novoportal\/wp-json\/wp\/v2\/posts\/38499\/revisions"}],"predecessor-version":[{"id":38500,"href":"https:\/\/www.sudoestehoje.com.br\/novoportal\/wp-json\/wp\/v2\/posts\/38499\/revisions\/38500"}],"wp:attachment":[{"href":"https:\/\/www.sudoestehoje.com.br\/novoportal\/wp-json\/wp\/v2\/media?parent=38499"}],"wp:term":[{"taxonomy":"category","embeddable":true,"href":"https:\/\/www.sudoestehoje.com.br\/novoportal\/wp-json\/wp\/v2\/categories?post=38499"},{"taxonomy":"post_tag","embeddable":true,"href":"https:\/\/www.sudoestehoje.com.br\/novoportal\/wp-json\/wp\/v2\/tags?post=38499"}],"curies":[{"name":"wp","href":"https:\/\/api.w.org\/{rel}","templated":true}]}}