
{"id":3846,"date":"2011-03-14T01:49:52","date_gmt":"2011-03-14T04:49:52","guid":{"rendered":"http:\/\/www.sudoestehoje.com.br\/novoportal\/?p=3846"},"modified":"2011-03-14T01:49:52","modified_gmt":"2011-03-14T04:49:52","slug":"pmdb-quer-michel","status":"publish","type":"post","link":"https:\/\/www.sudoestehoje.com.br\/novoportal\/2011\/03\/14\/pmdb-quer-michel\/","title":{"rendered":"PMDB QUER MICHEL"},"content":{"rendered":"<p style=\"text-align: center;\"><a id=\"apf0\" href=\"http:\/\/www.google.com.br\/imgres?imgurl=http:\/\/www.macaraninews.com.br\/wp-content\/uploads\/2010\/12\/HAGGE.jpg&amp;imgrefurl=http:\/\/www.macaraninews.com.br\/o-ex-prefeito-michel-hagge-continua-internado-no-hospital-cristo-redentor\/&amp;usg=__McykhWpmb0FHh09smVwoKEq0vdo=&amp;h=238&amp;w=318&amp;sz=7&amp;hl=pt-br&amp;start=1&amp;zoom=1&amp;itbs=1&amp;tbnid=qhkrnB4MO9ylVM:&amp;tbnh=88&amp;tbnw=118&amp;prev=\/images%3Fq%3Dmichel%2Bhagge%26hl%3Dpt-br%26sa%3DN%26gbv%3D2%26ndsp%3D20%26tbs%3Disch:1&amp;ei=lZx9TZbcO47ogQfqt8CvCw\"><img loading=\"lazy\" decoding=\"async\" id=\"ipfqhkrnB4MO9ylVM:\" class=\"aligncenter\" src=\"http:\/\/t3.gstatic.com\/images?q=tbn:ANd9GcQ1ON_UIe0POI3oiFlMQ8oSdy7xnUA-vZnVuZYA5vuUBqxe_mgmajb19JE\" alt=\"\" width=\"118\" height=\"88\" \/><\/a><\/p>\n<p>Alguns peemedebistas do &#8216;alto clero&#8217;, \u00a0andam sondando as bases sobre a viabilidade de\u00a0uma poss\u00edvel candidatura do ex-prefeito Michel Hagge, para 2012, contrariando as expectativas de quem apostava em Virginia, K\u00e1tia ou Dr. Silvio Macedo. Alguns dos saudosistas do &#8216;v\u00e9i&#8217; argumentam que o ex-governador Lomanto J\u00fanior foi eleito prefeito de Jaqui\u00e9, quando j\u00e1 tinha 90 anos de idade, e que teria dado &#8216;conta do servi\u00e7o&#8217;. Apesar disto, Michel nega qualquer possibilidade de voltar \u00e0 vida p\u00fablica, pois sabe\u00a0que um dos motivos da\u00a0derrota de 2008 foi a\u00a0sua idade\u00a0avan\u00e7ada, conforme j\u00e1 apontavam as pesquisas do pr\u00f3prio PMDB, antes das elei\u00e7\u00f5es. Para o prefeito Z\u00e9 Carlos, entretanto,\u00a0Michel \u00e9 candidat\u00edssimo&#8230; Ser\u00e1?<\/p>\n","protected":false},"excerpt":{"rendered":"<p>Alguns peemedebistas do &#8216;alto clero&#8217;, \u00a0andam sondando as bases sobre a viabilidade de\u00a0uma poss\u00edvel candidatura do ex-prefeito Michel Hagge, para 2012, contrariando as expectativas de quem apostava em Virginia, K\u00e1tia ou Dr. Silvio Macedo. Alguns dos saudosistas do &#8216;v\u00e9i&#8217; argumentam que o ex-governador Lomanto J\u00fanior foi eleito prefeito de Jaqui\u00e9, quando j\u00e1 tinha 90 anos [&hellip;]<\/p>\n","protected":false},"author":2,"featured_media":0,"comment_status":"open","ping_status":"open","sticky":false,"template":"","format":"standard","meta":{"footnotes":"","_links_to":"","_links_to_target":""},"categories":[11],"tags":[],"class_list":["post-3846","post","type-post","status-publish","format-standard","hentry","category-quentinhas"],"views":1283,"_links":{"self":[{"href":"https:\/\/www.sudoestehoje.com.br\/novoportal\/wp-json\/wp\/v2\/posts\/3846","targetHints":{"allow":["GET"]}}],"collection":[{"href":"https:\/\/www.sudoestehoje.com.br\/novoportal\/wp-json\/wp\/v2\/posts"}],"about":[{"href":"https:\/\/www.sudoestehoje.com.br\/novoportal\/wp-json\/wp\/v2\/types\/post"}],"author":[{"embeddable":true,"href":"https:\/\/www.sudoestehoje.com.br\/novoportal\/wp-json\/wp\/v2\/users\/2"}],"replies":[{"embeddable":true,"href":"https:\/\/www.sudoestehoje.com.br\/novoportal\/wp-json\/wp\/v2\/comments?post=3846"}],"version-history":[{"count":2,"href":"https:\/\/www.sudoestehoje.com.br\/novoportal\/wp-json\/wp\/v2\/posts\/3846\/revisions"}],"predecessor-version":[{"id":3848,"href":"https:\/\/www.sudoestehoje.com.br\/novoportal\/wp-json\/wp\/v2\/posts\/3846\/revisions\/3848"}],"wp:attachment":[{"href":"https:\/\/www.sudoestehoje.com.br\/novoportal\/wp-json\/wp\/v2\/media?parent=3846"}],"wp:term":[{"taxonomy":"category","embeddable":true,"href":"https:\/\/www.sudoestehoje.com.br\/novoportal\/wp-json\/wp\/v2\/categories?post=3846"},{"taxonomy":"post_tag","embeddable":true,"href":"https:\/\/www.sudoestehoje.com.br\/novoportal\/wp-json\/wp\/v2\/tags?post=3846"}],"curies":[{"name":"wp","href":"https:\/\/api.w.org\/{rel}","templated":true}]}}