
{"id":38260,"date":"2014-06-20T15:44:44","date_gmt":"2014-06-20T18:44:44","guid":{"rendered":"http:\/\/www.sudoestehoje.com.br\/novoportal\/?p=38260"},"modified":"2014-06-20T15:44:44","modified_gmt":"2014-06-20T18:44:44","slug":"planalto-manda-e-mail-a-xuxa-para-saber-se-apresentadora-xingou-dilma","status":"publish","type":"post","link":"https:\/\/www.sudoestehoje.com.br\/novoportal\/2014\/06\/20\/planalto-manda-e-mail-a-xuxa-para-saber-se-apresentadora-xingou-dilma\/","title":{"rendered":"PLANALTO MANDA E-MAIL A XUXA PARA SABER SE APRESENTADORA XINGOU DILMA"},"content":{"rendered":"<div>\n<p><img decoding=\"async\" class=\"aligncenter\" alt=\"\" src=\"http:\/\/napegada.net\/wp-content\/uploads\/2013\/04\/xuxa.jpg\" width=\"500\" \/><\/p>\n<p>Xuxa\u00a0recebeu um inusitado e-mail da Secretaria de Direitos Humanos do governo na segunda-feira passada. Questionava se Xuxa havia vaiado ou xingado Dilma Rousseff dias antes no Itaquer\u00e3o, conforme publicado em algum site.<\/p>\n<p>O motivo da pergunta: o Planalto queria evitar constrangimentos, pois Xuxa \u00e9 convidada especial de Dilma para ir ao Pal\u00e1cio do Planalto nos pr\u00f3ximos dias, quando a presidente ir\u00e1 sancionar a Lei da Palmada. Constrangida ficou Xuxa, que n\u00e3o havia vaiado ou xingado Dilma.<\/p>\n<\/div>\n<p><i>Por Lauro Jardim &#8211; Veja<\/i><\/p>\n","protected":false},"excerpt":{"rendered":"<p>Xuxa\u00a0recebeu um inusitado e-mail da Secretaria de Direitos Humanos do governo na segunda-feira passada. Questionava se Xuxa havia vaiado ou xingado Dilma Rousseff dias antes no Itaquer\u00e3o, conforme publicado em algum site. O motivo da pergunta: o Planalto queria evitar constrangimentos, pois Xuxa \u00e9 convidada especial de Dilma para ir ao Pal\u00e1cio do Planalto nos [&hellip;]<\/p>\n","protected":false},"author":2,"featured_media":0,"comment_status":"open","ping_status":"open","sticky":false,"template":"","format":"standard","meta":{"footnotes":"","_links_to":"","_links_to_target":""},"categories":[1],"tags":[],"class_list":["post-38260","post","type-post","status-publish","format-standard","hentry","category-geral"],"views":1117,"_links":{"self":[{"href":"https:\/\/www.sudoestehoje.com.br\/novoportal\/wp-json\/wp\/v2\/posts\/38260","targetHints":{"allow":["GET"]}}],"collection":[{"href":"https:\/\/www.sudoestehoje.com.br\/novoportal\/wp-json\/wp\/v2\/posts"}],"about":[{"href":"https:\/\/www.sudoestehoje.com.br\/novoportal\/wp-json\/wp\/v2\/types\/post"}],"author":[{"embeddable":true,"href":"https:\/\/www.sudoestehoje.com.br\/novoportal\/wp-json\/wp\/v2\/users\/2"}],"replies":[{"embeddable":true,"href":"https:\/\/www.sudoestehoje.com.br\/novoportal\/wp-json\/wp\/v2\/comments?post=38260"}],"version-history":[{"count":2,"href":"https:\/\/www.sudoestehoje.com.br\/novoportal\/wp-json\/wp\/v2\/posts\/38260\/revisions"}],"predecessor-version":[{"id":38262,"href":"https:\/\/www.sudoestehoje.com.br\/novoportal\/wp-json\/wp\/v2\/posts\/38260\/revisions\/38262"}],"wp:attachment":[{"href":"https:\/\/www.sudoestehoje.com.br\/novoportal\/wp-json\/wp\/v2\/media?parent=38260"}],"wp:term":[{"taxonomy":"category","embeddable":true,"href":"https:\/\/www.sudoestehoje.com.br\/novoportal\/wp-json\/wp\/v2\/categories?post=38260"},{"taxonomy":"post_tag","embeddable":true,"href":"https:\/\/www.sudoestehoje.com.br\/novoportal\/wp-json\/wp\/v2\/tags?post=38260"}],"curies":[{"name":"wp","href":"https:\/\/api.w.org\/{rel}","templated":true}]}}