
{"id":38257,"date":"2014-06-19T22:46:53","date_gmt":"2014-06-20T01:46:53","guid":{"rendered":"http:\/\/www.sudoestehoje.com.br\/novoportal\/?p=38257"},"modified":"2014-06-19T22:46:53","modified_gmt":"2014-06-20T01:46:53","slug":"nota-de-esclarecimento","status":"publish","type":"post","link":"https:\/\/www.sudoestehoje.com.br\/novoportal\/2014\/06\/19\/nota-de-esclarecimento\/","title":{"rendered":"NOTA DE ESCLARECIMENTO"},"content":{"rendered":"<p><img decoding=\"async\" class=\"aligncenter\" alt=\"\" src=\"http:\/\/www.blogdaresenhageral.com.br\/wp-content\/uploads\/herzem-entrevista.jpg?c6e0ba\" width=\"500\" \/><\/p>\n<p><strong><em>Por Herzem Gusm\u00e3o<\/em><\/strong><\/p>\n<p><strong>\u201cA Constitui\u00e7\u00e3o da Rep\u00fablica assegura o direito de expender cr\u00edtica, ainda que desfavor\u00e1vel e exposta em tom contundente e sarc\u00e1stico, contra quaisquer pessoas ou autoridades\u201d (Ministro Celso de Mello)<\/strong><\/p>\n<p>Em uma A\u00e7\u00e3o julgada extinta em Vit\u00f3ria da Conquista, no Processo 41848\/2012, o Procurador Regional Eleitoral, Jos\u00e9 Alfredo de Paula Silva acatou o pedido de reforma da senten\u00e7a solicitado pela \u201cColiga\u00e7\u00e3o Frente Conquista Popular\u201d na elei\u00e7\u00e3o de 2012. O processo se refere \u00e0s minhas opini\u00f5es e \u00e0s do jornalista Dilton Rocha, relacionadas aos problemas da cidade no ano de 2011.<\/p>\n<p>Todos sabem que, atrav\u00e9s da minha atividade profissional de jornalista, sempre me coloquei \u00e0 disposi\u00e7\u00e3o da minha cidade e da regi\u00e3o sudoeste para represent\u00e1-la nas suas ang\u00fastias, nos seus sonhos e no seu crescimento. Sou um defensor do estado democr\u00e1tico de direito e da livre express\u00e3o; jamais concordarei com a censura.<\/p>\n<p>Nesse momento, em que sou alvo de uma a\u00e7\u00e3o que ainda cabe recurso, quero tranq\u00fcilizar a todos que confio na reforma desta senten\u00e7a. Acredito na justi\u00e7a e utilizarei todos os meios necess\u00e1rios para continuar tendo o direito de representar a minha cidade e a minha regi\u00e3o.<\/p>\n<p>Quero citar o ministro do STF, Celso de Mello, que, em um voto hist\u00f3rico defendendo a liberdade de express\u00e3o, disse: \u201co Estado n\u00e3o disp\u00f5e de poder algum sobre a palavra, sobre as ideias e sobre as convic\u00e7\u00f5es manifestadas pelos profissionais dos meios de comunica\u00e7\u00e3o social\u201d. O ministro Dias T\u00f3foli, atual Presidente do Tribunal Superior Eleitoral (TSE), em entrevista a Alexandre Garcia na Globo News, declarou que s\u00f3 \u00e9 considerada propaganda antecipada quando existe pedido de votos.<\/p>\n<p>O ex-ministro da educa\u00e7\u00e3o e professor Ubirajara Brito afirmou desconhecer na justi\u00e7a brasileira alguma condena\u00e7\u00e3o com perda de direitos pol\u00edticos por delito de opini\u00e3o. Os nossos coment\u00e1rios jornal\u00edsticos que motivaram a a\u00e7\u00e3o foram emitidos no ano de 2011, ano anterior \u00e0 elei\u00e7\u00e3o de 2012. Esperamos a corre\u00e7\u00e3o dessa senten\u00e7a.<\/p>\n","protected":false},"excerpt":{"rendered":"<p>Por Herzem Gusm\u00e3o \u201cA Constitui\u00e7\u00e3o da Rep\u00fablica assegura o direito de expender cr\u00edtica, ainda que desfavor\u00e1vel e exposta em tom contundente e sarc\u00e1stico, contra quaisquer pessoas ou autoridades\u201d (Ministro Celso de Mello) Em uma A\u00e7\u00e3o julgada extinta em Vit\u00f3ria da Conquista, no Processo 41848\/2012, o Procurador Regional Eleitoral, Jos\u00e9 Alfredo de Paula Silva acatou o [&hellip;]<\/p>\n","protected":false},"author":2,"featured_media":0,"comment_status":"open","ping_status":"open","sticky":false,"template":"","format":"standard","meta":{"footnotes":"","_links_to":"","_links_to_target":""},"categories":[1],"tags":[],"class_list":["post-38257","post","type-post","status-publish","format-standard","hentry","category-geral"],"views":1185,"_links":{"self":[{"href":"https:\/\/www.sudoestehoje.com.br\/novoportal\/wp-json\/wp\/v2\/posts\/38257","targetHints":{"allow":["GET"]}}],"collection":[{"href":"https:\/\/www.sudoestehoje.com.br\/novoportal\/wp-json\/wp\/v2\/posts"}],"about":[{"href":"https:\/\/www.sudoestehoje.com.br\/novoportal\/wp-json\/wp\/v2\/types\/post"}],"author":[{"embeddable":true,"href":"https:\/\/www.sudoestehoje.com.br\/novoportal\/wp-json\/wp\/v2\/users\/2"}],"replies":[{"embeddable":true,"href":"https:\/\/www.sudoestehoje.com.br\/novoportal\/wp-json\/wp\/v2\/comments?post=38257"}],"version-history":[{"count":1,"href":"https:\/\/www.sudoestehoje.com.br\/novoportal\/wp-json\/wp\/v2\/posts\/38257\/revisions"}],"predecessor-version":[{"id":38258,"href":"https:\/\/www.sudoestehoje.com.br\/novoportal\/wp-json\/wp\/v2\/posts\/38257\/revisions\/38258"}],"wp:attachment":[{"href":"https:\/\/www.sudoestehoje.com.br\/novoportal\/wp-json\/wp\/v2\/media?parent=38257"}],"wp:term":[{"taxonomy":"category","embeddable":true,"href":"https:\/\/www.sudoestehoje.com.br\/novoportal\/wp-json\/wp\/v2\/categories?post=38257"},{"taxonomy":"post_tag","embeddable":true,"href":"https:\/\/www.sudoestehoje.com.br\/novoportal\/wp-json\/wp\/v2\/tags?post=38257"}],"curies":[{"name":"wp","href":"https:\/\/api.w.org\/{rel}","templated":true}]}}