
{"id":38237,"date":"2014-06-19T19:00:09","date_gmt":"2014-06-19T22:00:09","guid":{"rendered":"http:\/\/www.sudoestehoje.com.br\/novoportal\/?p=38237"},"modified":"2014-06-21T21:53:52","modified_gmt":"2014-06-22T00:53:52","slug":"itapetinga-tudo-pronto-para-a-melhor-vaca-loca-da-historia","status":"publish","type":"post","link":"https:\/\/www.sudoestehoje.com.br\/novoportal\/2014\/06\/19\/itapetinga-tudo-pronto-para-a-melhor-vaca-loca-da-historia\/","title":{"rendered":"ITAPETINGA: TUDO PRONTO PARA A MELHOR &#8220;VACA L\u00d4CA&#8221; DA HIST\u00d3RIA"},"content":{"rendered":"<div id=\"attachment_38255\" style=\"width: 510px\" class=\"wp-caption aligncenter\"><a href=\"http:\/\/www.sudoestehoje.com.br\/novoportal\/wp-content\/uploads\/2014\/06\/vaca.jpg\"><img loading=\"lazy\" decoding=\"async\" aria-describedby=\"caption-attachment-38255\" class=\"size-medium wp-image-38255\" alt=\"Foto Tonapose Folia\" src=\"http:\/\/www.sudoestehoje.com.br\/novoportal\/wp-content\/uploads\/2014\/06\/vaca-500x375.jpg\" width=\"500\" height=\"375\" srcset=\"https:\/\/www.sudoestehoje.com.br\/novoportal\/wp-content\/uploads\/2014\/06\/vaca-500x375.jpg 500w, https:\/\/www.sudoestehoje.com.br\/novoportal\/wp-content\/uploads\/2014\/06\/vaca-700x525.jpg 700w, https:\/\/www.sudoestehoje.com.br\/novoportal\/wp-content\/uploads\/2014\/06\/vaca.jpg 960w\" sizes=\"auto, (max-width: 500px) 100vw, 500px\" \/><\/a><p id=\"caption-attachment-38255\" class=\"wp-caption-text\">Foto Tonapose Folia<\/p><\/div>\n<p><strong><em>Por Davi Ferraz<\/em><\/strong><\/p>\n<p>Na tarde desta quinta-feira, a reportagem do Sudoeste Hoje esteve visitando o espa\u00e7o onde ser\u00e1 realizado o Forr\u00f3 da Vaca L\u00f4ca 2014, no Parque de Exposi\u00e7\u00f5es, e constatou que a montagem da estrutura da festa est\u00e1 na reta final, devendo ficar 100% pronta at\u00e9 o meio-dia desta sexta (20), sem nenhum atraso para o in\u00edcio da festa, previsto para as 18h de amanh\u00e3.<\/p>\n<p><a href=\"http:\/\/www.sudoestehoje.com.br\/novoportal\/wp-content\/uploads\/2014\/06\/GEDC1153.jpg\"><img loading=\"lazy\" decoding=\"async\" class=\"aligncenter size-medium wp-image-38239\" alt=\"GEDSC DIGITAL CAMERA\" src=\"http:\/\/www.sudoestehoje.com.br\/novoportal\/wp-content\/uploads\/2014\/06\/GEDC1153-500x375.jpg\" width=\"500\" height=\"375\" srcset=\"https:\/\/www.sudoestehoje.com.br\/novoportal\/wp-content\/uploads\/2014\/06\/GEDC1153-500x375.jpg 500w, https:\/\/www.sudoestehoje.com.br\/novoportal\/wp-content\/uploads\/2014\/06\/GEDC1153.jpg 640w\" sizes=\"auto, (max-width: 500px) 100vw, 500px\" \/><\/a><\/p>\n<p>O que mais impressionou a nossa reportagem foi o enorme e bem estruturado camarote, al\u00e9m da pista totalmente asfaltada e limpa, com capacidade para mais de 15 mil pessoas. Outro item que recebeu uma maior aten\u00e7\u00e3o dos organizadores do evento, foram os banheiros qu\u00edmicos, instalados em locais estrat\u00e9gicos, para maior conforto dos foli\u00f5es, que dever\u00e3o comparecer em massa ao evento, superando as expectativas.<\/p>\n<p><img decoding=\"async\" class=\"aligncenter\" alt=\"\" src=\"https:\/\/fbcdn-sphotos-c-a.akamaihd.net\/hphotos-ak-xap1\/t1.0-9\/10447073_10203888895813859_3619653763805730030_n.jpg\" width=\"500\" \/><\/p>\n<p>Os dois palcos tamb\u00e9m j\u00e1 est\u00e3o recebendo os retoques finais, para garantir a continuidade da festa, sem nenhuma interrup\u00e7\u00e3o. Conversando com os organizadores do evento, Dedequinho, Bizunga, Rivaldinho, Dr. Humberto e Djan, fomos informados que a sociedade entre eles continua firme e que a Ai Boa Produ\u00e7\u00f5es permanecer\u00e1 realizando o Forr\u00f3 da Vaca L\u00f4ca, como tem feito at\u00e9 agora.<\/p>\n<p>A Distribui\u00e7\u00e3o das camisetas j\u00e1 est\u00e1 sendo feita na sede da A\u00ed Boa, na Avenida Cinquenten\u00e1rio, local onde tamb\u00e9m est\u00e3o sendo vendidos os \u00faltimos ingressos da festa.<\/p>\n<p>Confira as \u00faltimas fotos exclusivas do blog:<!--more--><\/p>\n<p><a href=\"http:\/\/www.sudoestehoje.com.br\/novoportal\/wp-content\/uploads\/2014\/06\/GEDC1186.jpg\"><img loading=\"lazy\" decoding=\"async\" class=\"aligncenter size-medium wp-image-38241\" alt=\"GEDSC DIGITAL CAMERA\" src=\"http:\/\/www.sudoestehoje.com.br\/novoportal\/wp-content\/uploads\/2014\/06\/GEDC1186-500x375.jpg\" width=\"500\" height=\"375\" srcset=\"https:\/\/www.sudoestehoje.com.br\/novoportal\/wp-content\/uploads\/2014\/06\/GEDC1186-500x375.jpg 500w, https:\/\/www.sudoestehoje.com.br\/novoportal\/wp-content\/uploads\/2014\/06\/GEDC1186.jpg 640w\" sizes=\"auto, (max-width: 500px) 100vw, 500px\" \/><\/a><\/p>\n<p><a href=\"http:\/\/www.sudoestehoje.com.br\/novoportal\/wp-content\/uploads\/2014\/06\/GEDC1192.jpg\"><img loading=\"lazy\" decoding=\"async\" class=\"aligncenter size-medium wp-image-38242\" alt=\"GEDSC DIGITAL CAMERA\" src=\"http:\/\/www.sudoestehoje.com.br\/novoportal\/wp-content\/uploads\/2014\/06\/GEDC1192-500x375.jpg\" width=\"500\" height=\"375\" srcset=\"https:\/\/www.sudoestehoje.com.br\/novoportal\/wp-content\/uploads\/2014\/06\/GEDC1192-500x375.jpg 500w, https:\/\/www.sudoestehoje.com.br\/novoportal\/wp-content\/uploads\/2014\/06\/GEDC1192.jpg 640w\" sizes=\"auto, (max-width: 500px) 100vw, 500px\" \/><\/a><\/p>\n<p><a href=\"http:\/\/www.sudoestehoje.com.br\/novoportal\/wp-content\/uploads\/2014\/06\/GEDC1184.jpg\"><img loading=\"lazy\" decoding=\"async\" class=\"aligncenter size-medium wp-image-38243\" alt=\"GEDSC DIGITAL CAMERA\" src=\"http:\/\/www.sudoestehoje.com.br\/novoportal\/wp-content\/uploads\/2014\/06\/GEDC1184-500x375.jpg\" width=\"500\" height=\"375\" srcset=\"https:\/\/www.sudoestehoje.com.br\/novoportal\/wp-content\/uploads\/2014\/06\/GEDC1184-500x375.jpg 500w, https:\/\/www.sudoestehoje.com.br\/novoportal\/wp-content\/uploads\/2014\/06\/GEDC1184.jpg 640w\" sizes=\"auto, (max-width: 500px) 100vw, 500px\" \/><\/a><\/p>\n<p><a href=\"http:\/\/www.sudoestehoje.com.br\/novoportal\/wp-content\/uploads\/2014\/06\/GEDC1154.jpg\"><img loading=\"lazy\" decoding=\"async\" class=\"aligncenter size-medium wp-image-38244\" alt=\"GEDSC DIGITAL CAMERA\" src=\"http:\/\/www.sudoestehoje.com.br\/novoportal\/wp-content\/uploads\/2014\/06\/GEDC1154-500x375.jpg\" width=\"500\" height=\"375\" srcset=\"https:\/\/www.sudoestehoje.com.br\/novoportal\/wp-content\/uploads\/2014\/06\/GEDC1154-500x375.jpg 500w, https:\/\/www.sudoestehoje.com.br\/novoportal\/wp-content\/uploads\/2014\/06\/GEDC1154.jpg 640w\" sizes=\"auto, (max-width: 500px) 100vw, 500px\" \/><\/a><\/p>\n<p><a href=\"http:\/\/www.sudoestehoje.com.br\/novoportal\/wp-content\/uploads\/2014\/06\/GEDC1189.jpg\"><img loading=\"lazy\" decoding=\"async\" class=\"aligncenter size-medium wp-image-38245\" alt=\"GEDSC DIGITAL CAMERA\" src=\"http:\/\/www.sudoestehoje.com.br\/novoportal\/wp-content\/uploads\/2014\/06\/GEDC1189-500x375.jpg\" width=\"500\" height=\"375\" srcset=\"https:\/\/www.sudoestehoje.com.br\/novoportal\/wp-content\/uploads\/2014\/06\/GEDC1189-500x375.jpg 500w, https:\/\/www.sudoestehoje.com.br\/novoportal\/wp-content\/uploads\/2014\/06\/GEDC1189.jpg 640w\" sizes=\"auto, (max-width: 500px) 100vw, 500px\" \/><\/a><\/p>\n<p>&nbsp;<\/p>\n","protected":false},"excerpt":{"rendered":"<p>Por Davi Ferraz Na tarde desta quinta-feira, a reportagem do Sudoeste Hoje esteve visitando o espa\u00e7o onde ser\u00e1 realizado o Forr\u00f3 da Vaca L\u00f4ca 2014, no Parque de Exposi\u00e7\u00f5es, e constatou que a montagem da estrutura da festa est\u00e1 na reta final, devendo ficar 100% pronta at\u00e9 o meio-dia desta sexta (20), sem nenhum atraso [&hellip;]<\/p>\n","protected":false},"author":2,"featured_media":0,"comment_status":"open","ping_status":"open","sticky":false,"template":"","format":"standard","meta":{"footnotes":"","_links_to":"","_links_to_target":""},"categories":[1],"tags":[],"class_list":["post-38237","post","type-post","status-publish","format-standard","hentry","category-geral"],"views":2280,"_links":{"self":[{"href":"https:\/\/www.sudoestehoje.com.br\/novoportal\/wp-json\/wp\/v2\/posts\/38237","targetHints":{"allow":["GET"]}}],"collection":[{"href":"https:\/\/www.sudoestehoje.com.br\/novoportal\/wp-json\/wp\/v2\/posts"}],"about":[{"href":"https:\/\/www.sudoestehoje.com.br\/novoportal\/wp-json\/wp\/v2\/types\/post"}],"author":[{"embeddable":true,"href":"https:\/\/www.sudoestehoje.com.br\/novoportal\/wp-json\/wp\/v2\/users\/2"}],"replies":[{"embeddable":true,"href":"https:\/\/www.sudoestehoje.com.br\/novoportal\/wp-json\/wp\/v2\/comments?post=38237"}],"version-history":[{"count":8,"href":"https:\/\/www.sudoestehoje.com.br\/novoportal\/wp-json\/wp\/v2\/posts\/38237\/revisions"}],"predecessor-version":[{"id":38397,"href":"https:\/\/www.sudoestehoje.com.br\/novoportal\/wp-json\/wp\/v2\/posts\/38237\/revisions\/38397"}],"wp:attachment":[{"href":"https:\/\/www.sudoestehoje.com.br\/novoportal\/wp-json\/wp\/v2\/media?parent=38237"}],"wp:term":[{"taxonomy":"category","embeddable":true,"href":"https:\/\/www.sudoestehoje.com.br\/novoportal\/wp-json\/wp\/v2\/categories?post=38237"},{"taxonomy":"post_tag","embeddable":true,"href":"https:\/\/www.sudoestehoje.com.br\/novoportal\/wp-json\/wp\/v2\/tags?post=38237"}],"curies":[{"name":"wp","href":"https:\/\/api.w.org\/{rel}","templated":true}]}}