
{"id":38225,"date":"2014-06-19T08:57:29","date_gmt":"2014-06-19T11:57:29","guid":{"rendered":"http:\/\/www.sudoestehoje.com.br\/novoportal\/?p=38225"},"modified":"2014-06-19T09:04:01","modified_gmt":"2014-06-19T12:04:01","slug":"itapetinga-base-de-sustentacao-de-ze-carlos-esta-fragmentada","status":"publish","type":"post","link":"https:\/\/www.sudoestehoje.com.br\/novoportal\/2014\/06\/19\/itapetinga-base-de-sustentacao-de-ze-carlos-esta-fragmentada\/","title":{"rendered":"ITAPETINGA: BASE DE SUSTENTA\u00c7\u00c3O DE Z\u00c9 CARLOS EST\u00c1 FRAGMENTADA"},"content":{"rendered":"<p>&nbsp;<\/p>\n<div id=\"attachment_38227\" style=\"width: 510px\" class=\"wp-caption aligncenter\"><a href=\"http:\/\/www.sudoestehoje.com.br\/novoportal\/wp-content\/uploads\/2014\/06\/pt-itapetinga.jpg\"><img loading=\"lazy\" decoding=\"async\" aria-describedby=\"caption-attachment-38227\" class=\"size-full wp-image-38227\" alt=\"Geraldo Sim\u00f5es e Rosemberg Pinto\" src=\"http:\/\/www.sudoestehoje.com.br\/novoportal\/wp-content\/uploads\/2014\/06\/pt-itapetinga.jpg\" width=\"500\" height=\"218\" \/><\/a><p id=\"caption-attachment-38227\" class=\"wp-caption-text\">Os petistas Geraldo Sim\u00f5es e Rosemberg Pinto perderam apoios em Itapetinga e regi\u00e3o e suas vota\u00e7\u00f5es devem cair pela metade. Em Itapetinga, o prefeito Z\u00e9 Carlos cruzou os bra\u00e7os e permitiu a fragmenta\u00e7\u00e3o da sua base, com vereadores e at\u00e9 secret\u00e1rios apoiando candidatos n\u00e3o petistas.<\/p><\/div>\n<p>A cada dia que passa, os efeitos da omiss\u00e3o, falta de lideran\u00e7a pol\u00edtica e desinteresse administrativo do prefeito Z\u00e9 Carlos (PT) v\u00eam refletindo na sua base de sustenta\u00e7\u00e3o, que de t\u00e3o dividida j\u00e1 passou a ser chamada pelos velhos e novos de &#8216;crist\u00e3os&#8217;, de &#8220;Torre de Babel&#8221;, onde cada integrante fala uma l\u00edngua diferente.<\/p>\n<p>Formada, basicamente, por ex-integrantes do antigo PFL, a turma de confian\u00e7a de Z\u00e9 Carlos, como Romildo, Tiquinho, Valdeir e N\u00eddia Oliveira, dentre outros, tenta al\u00e7ar voo pr\u00f3prio nestas elei\u00e7\u00f5es, apoiando deputados do diferentes partidos, em detrimento dos &#8220;compromissos&#8221; que Z\u00e9 Carlos diz possuir com a reelei\u00e7\u00e3o dos petistas Rosemberg Pinto e Geraldo Sim\u00f5es, candidatos oficiais do grupo.<\/p>\n<p>Na C\u00e2mara de Vereadores, cada um dos edis da base governista tem candidatos pr\u00f3prios, como \u00e9 o caso de Amaral (PRP), que declarou apoio ao deputado federal Ant\u00f4nio Brito, Jos\u00e9 Antunes (PSC), que afirma categoricamente seguir o seu partido em todas as esferas, inclusive na elei\u00e7\u00e3o de governador e senador (o PSC declarou ontem o apoio a Paulo Souto e Geddel), Jos\u00e9 Roberto (PDT) que fica tamb\u00e9m com Ant\u00f4nio Brito e um estadual a definir, sem falar dos equilibristas Jo\u00e3o Carlos, Neide da Vila e Valquir\u00e3o, que continuam dispon\u00edveis no mercado, aguardando uma boa conversa de &#8216;p\u00e9 de orelha&#8217; com pretensos interessados.<\/p>\n<p>Alijado, desde o in\u00edcio, da atual administra\u00e7\u00e3o, o que restou do pequeno grupo de petistas hist\u00f3ricos ainda mant\u00e9m apoio ao deputado Rosemberg Pinto (PT), mas n\u00e3o querem nem ouvir o nome de Geraldo Sim\u00f5es, o federal de Z\u00e9 Carlos, por raz\u00f5es mais do que \u00f3bvias. Esses, pelo menos, mant\u00eam a coer\u00eancia e fidelidade partid\u00e1ria, como \u00e9 o caso de Marcos Gabrielli, que ainda engole Rosemberg, mas prefere ficar com Josias Gomes (PT) para federal.<\/p>\n<p>H\u00e1 quem diga que todo esse &#8216;esp\u00edrito de liberalidade&#8217; de Z\u00e9 Carlos \u00e9 proposital, pois seu objetivo, num futuro bem pr\u00f3ximo, \u00e9 se livrar de Rosemberg e Geraldinho, dois pesos mortos da pol\u00edtica regional, que pouco contribu\u00edram para a sua administra\u00e7\u00e3o, e voltar chorando arrependimento para os bra\u00e7os de Paulo Souto, prov\u00e1vel governador eleito em outubro.<\/p>\n<p>Como dizem meus amigos, ex-petistas de Itoror\u00f3, o que restou para Rosemberg e Geraldinho <em>&#8220;n\u00e3o d\u00e1 um m\u00f3i de quento&#8221;.<\/em><\/p>\n<p><strong><em>Por Davi Ferraz\u00a0<\/em><\/strong><\/p>\n","protected":false},"excerpt":{"rendered":"<p>&nbsp; A cada dia que passa, os efeitos da omiss\u00e3o, falta de lideran\u00e7a pol\u00edtica e desinteresse administrativo do prefeito Z\u00e9 Carlos (PT) v\u00eam refletindo na sua base de sustenta\u00e7\u00e3o, que de t\u00e3o dividida j\u00e1 passou a ser chamada pelos velhos e novos de &#8216;crist\u00e3os&#8217;, de &#8220;Torre de Babel&#8221;, onde cada integrante fala uma l\u00edngua diferente. [&hellip;]<\/p>\n","protected":false},"author":2,"featured_media":0,"comment_status":"open","ping_status":"open","sticky":false,"template":"","format":"standard","meta":{"footnotes":"","_links_to":"","_links_to_target":""},"categories":[1],"tags":[],"class_list":["post-38225","post","type-post","status-publish","format-standard","hentry","category-geral"],"views":1242,"_links":{"self":[{"href":"https:\/\/www.sudoestehoje.com.br\/novoportal\/wp-json\/wp\/v2\/posts\/38225","targetHints":{"allow":["GET"]}}],"collection":[{"href":"https:\/\/www.sudoestehoje.com.br\/novoportal\/wp-json\/wp\/v2\/posts"}],"about":[{"href":"https:\/\/www.sudoestehoje.com.br\/novoportal\/wp-json\/wp\/v2\/types\/post"}],"author":[{"embeddable":true,"href":"https:\/\/www.sudoestehoje.com.br\/novoportal\/wp-json\/wp\/v2\/users\/2"}],"replies":[{"embeddable":true,"href":"https:\/\/www.sudoestehoje.com.br\/novoportal\/wp-json\/wp\/v2\/comments?post=38225"}],"version-history":[{"count":8,"href":"https:\/\/www.sudoestehoje.com.br\/novoportal\/wp-json\/wp\/v2\/posts\/38225\/revisions"}],"predecessor-version":[{"id":38234,"href":"https:\/\/www.sudoestehoje.com.br\/novoportal\/wp-json\/wp\/v2\/posts\/38225\/revisions\/38234"}],"wp:attachment":[{"href":"https:\/\/www.sudoestehoje.com.br\/novoportal\/wp-json\/wp\/v2\/media?parent=38225"}],"wp:term":[{"taxonomy":"category","embeddable":true,"href":"https:\/\/www.sudoestehoje.com.br\/novoportal\/wp-json\/wp\/v2\/categories?post=38225"},{"taxonomy":"post_tag","embeddable":true,"href":"https:\/\/www.sudoestehoje.com.br\/novoportal\/wp-json\/wp\/v2\/tags?post=38225"}],"curies":[{"name":"wp","href":"https:\/\/api.w.org\/{rel}","templated":true}]}}