
{"id":38218,"date":"2014-06-18T21:47:15","date_gmt":"2014-06-19T00:47:15","guid":{"rendered":"http:\/\/www.sudoestehoje.com.br\/novoportal\/?p=38218"},"modified":"2014-06-18T22:52:38","modified_gmt":"2014-06-19T01:52:38","slug":"uldurico-pinto-tira-amaral-jr-do-ar","status":"publish","type":"post","link":"https:\/\/www.sudoestehoje.com.br\/novoportal\/2014\/06\/18\/uldurico-pinto-tira-amaral-jr-do-ar\/","title":{"rendered":"ULDURICO PINTO TIRA AMARAL JR DO AR"},"content":{"rendered":"<div id=\"attachment_38219\" style=\"width: 510px\" class=\"wp-caption aligncenter\"><a href=\"http:\/\/www.sudoestehoje.com.br\/novoportal\/wp-content\/uploads\/2014\/06\/uldurico.jpg\"><img loading=\"lazy\" decoding=\"async\" aria-describedby=\"caption-attachment-38219\" class=\"size-medium wp-image-38219\" alt=\"O ex-deputado Uldurico Pinto \u00e9 dono da R\u00e1dio Jornal e dispensou os servi\u00e7os do locutor Amaral Junior, por tempo indeterminado. Foto montagem Diga Diga\" src=\"http:\/\/www.sudoestehoje.com.br\/novoportal\/wp-content\/uploads\/2014\/06\/uldurico-500x260.jpg\" width=\"500\" height=\"260\" srcset=\"https:\/\/www.sudoestehoje.com.br\/novoportal\/wp-content\/uploads\/2014\/06\/uldurico-500x260.jpg 500w, https:\/\/www.sudoestehoje.com.br\/novoportal\/wp-content\/uploads\/2014\/06\/uldurico.jpg 650w\" sizes=\"auto, (max-width: 500px) 100vw, 500px\" \/><\/a><p id=\"caption-attachment-38219\" class=\"wp-caption-text\">O ex-deputado Uldurico Pinto \u00e9 dono da R\u00e1dio Jornal e dispensou os servi\u00e7os do locutor Amaral Junior, por tempo indeterminado. Foto montagem Diga Diga<\/p><\/div>\n<p>Insatisfeito com a postura d\u00fabia do locutor e vereador Amaral Junior, que prometeu apoiar a candidatura de seu filho a deputado federal, o propriet\u00e1rio da R\u00e1dio Jornal de Itapetinga, o ex-deputado Uldurico Pinto, retirou Amaral do comando do programa &#8216;Chicote do Povo&#8217;, que passou a ser comandado, provisoriamente, pelo radialista e blogueiro Eudo Mendes.<\/p>\n<p>Segundo assessores do propriet\u00e1rio da emissora, o notici\u00e1rio pol\u00edtico da R\u00e1dio Jornal dever\u00e1 ser comandado por um apresentador do extremo sul do estado, ou pelo pr\u00f3prio Uldurico, que vez por outra assume os microfones da emissora para escrachar o prefeito Z\u00e9 Carlos e coligados. Da \u00faltima vez, o programa mudou at\u00e9 de nome e passou a se chamar &#8220;\u00cata Prefeito Ladr\u00e3o&#8221;.<\/p>\n<p>Amaral, que recentemente declarou apoio ao deputado Ant\u00f4nio Brito (PTB), agora se v\u00ea em um enorme dilema, pois sem os microfones do seu programa de r\u00e1dio, fica sem qualquer serventia.<\/p>\n<p>Isto sem contar com o desgaste que j\u00e1 vem sofrendo no grupo do prefeito Z\u00e9 Carlos&#8230;<\/p>\n<p><strong><em>Por Davi Ferraz\u00a0<\/em><\/strong><\/p>\n","protected":false},"excerpt":{"rendered":"<p>Insatisfeito com a postura d\u00fabia do locutor e vereador Amaral Junior, que prometeu apoiar a candidatura de seu filho a deputado federal, o propriet\u00e1rio da R\u00e1dio Jornal de Itapetinga, o ex-deputado Uldurico Pinto, retirou Amaral do comando do programa &#8216;Chicote do Povo&#8217;, que passou a ser comandado, provisoriamente, pelo radialista e blogueiro Eudo Mendes. Segundo [&hellip;]<\/p>\n","protected":false},"author":2,"featured_media":0,"comment_status":"open","ping_status":"open","sticky":false,"template":"","format":"standard","meta":{"footnotes":"","_links_to":"","_links_to_target":""},"categories":[1],"tags":[],"class_list":["post-38218","post","type-post","status-publish","format-standard","hentry","category-geral"],"views":2587,"_links":{"self":[{"href":"https:\/\/www.sudoestehoje.com.br\/novoportal\/wp-json\/wp\/v2\/posts\/38218","targetHints":{"allow":["GET"]}}],"collection":[{"href":"https:\/\/www.sudoestehoje.com.br\/novoportal\/wp-json\/wp\/v2\/posts"}],"about":[{"href":"https:\/\/www.sudoestehoje.com.br\/novoportal\/wp-json\/wp\/v2\/types\/post"}],"author":[{"embeddable":true,"href":"https:\/\/www.sudoestehoje.com.br\/novoportal\/wp-json\/wp\/v2\/users\/2"}],"replies":[{"embeddable":true,"href":"https:\/\/www.sudoestehoje.com.br\/novoportal\/wp-json\/wp\/v2\/comments?post=38218"}],"version-history":[{"count":3,"href":"https:\/\/www.sudoestehoje.com.br\/novoportal\/wp-json\/wp\/v2\/posts\/38218\/revisions"}],"predecessor-version":[{"id":38222,"href":"https:\/\/www.sudoestehoje.com.br\/novoportal\/wp-json\/wp\/v2\/posts\/38218\/revisions\/38222"}],"wp:attachment":[{"href":"https:\/\/www.sudoestehoje.com.br\/novoportal\/wp-json\/wp\/v2\/media?parent=38218"}],"wp:term":[{"taxonomy":"category","embeddable":true,"href":"https:\/\/www.sudoestehoje.com.br\/novoportal\/wp-json\/wp\/v2\/categories?post=38218"},{"taxonomy":"post_tag","embeddable":true,"href":"https:\/\/www.sudoestehoje.com.br\/novoportal\/wp-json\/wp\/v2\/tags?post=38218"}],"curies":[{"name":"wp","href":"https:\/\/api.w.org\/{rel}","templated":true}]}}