
{"id":38215,"date":"2014-06-18T21:16:36","date_gmt":"2014-06-19T00:16:36","guid":{"rendered":"http:\/\/www.sudoestehoje.com.br\/novoportal\/?p=38215"},"modified":"2014-06-18T21:16:36","modified_gmt":"2014-06-19T00:16:36","slug":"convencao-das-oposicoes-oficializa-candidatura-de-paulo-souto","status":"publish","type":"post","link":"https:\/\/www.sudoestehoje.com.br\/novoportal\/2014\/06\/18\/convencao-das-oposicoes-oficializa-candidatura-de-paulo-souto\/","title":{"rendered":"CONVEN\u00c7\u00c3O DAS OPOSI\u00c7\u00d5ES OFICIALIZA CANDIDATURA DE PAULO SOUTO"},"content":{"rendered":"<p style=\"text-align: center;\"><img decoding=\"async\" class=\"aligncenter\" alt=\"conven\u00e7\u00e3o de paulo souto 7\" src=\"http:\/\/www.calilanoticias.com\/wp-content\/uploads\/2014\/06\/conven%C3%A7%C3%A3o-de-paulo-souto-7.jpg\" width=\"500\" \/><\/p>\n<p>A Conven\u00e7\u00e3o Partid\u00e1ria oficializou a candidatura de Paulo Souto a governador na chapa majorit\u00e1ria da oposi\u00e7\u00e3o baiana, ao lado de Joaci G\u00f3es (PSDB), candidato a vice, e Geddel Vieira Lima (PMDB), a senador, no final da manh\u00e3 desta quarta-feira (18), em Salvador.<\/p>\n<p>Celebrando a hist\u00f3rica uni\u00e3o das for\u00e7as oposicionistas por uma Bahia Melhor, que aglutinou 17 partidos, podendo ainda ser ampliada, Souto citou os exemplos de Salvador e Feira de Santana que, segundo ele, deram uma li\u00e7\u00e3o em quem achava que essas cidades se curvariam a chantagens e amea\u00e7as.<\/p>\n<p>\u201cO povo mostrou que \u00e9 soberano e elegeu ACM Neto e Jos\u00e9 Ronaldo. Quando o povo quer, n\u00e3o adianta amea\u00e7ar, n\u00e3o adianta mentir, n\u00e3o adianta vir com tropa de ministros ou com presidente, porque a vontade popular vale mais do que as amea\u00e7as de um partido que est\u00e1 achando que virou dono da Bahia\u201d.<\/p>\n","protected":false},"excerpt":{"rendered":"<p>A Conven\u00e7\u00e3o Partid\u00e1ria oficializou a candidatura de Paulo Souto a governador na chapa majorit\u00e1ria da oposi\u00e7\u00e3o baiana, ao lado de Joaci G\u00f3es (PSDB), candidato a vice, e Geddel Vieira Lima (PMDB), a senador, no final da manh\u00e3 desta quarta-feira (18), em Salvador. Celebrando a hist\u00f3rica uni\u00e3o das for\u00e7as oposicionistas por uma Bahia Melhor, que aglutinou [&hellip;]<\/p>\n","protected":false},"author":2,"featured_media":0,"comment_status":"open","ping_status":"open","sticky":false,"template":"","format":"standard","meta":{"footnotes":"","_links_to":"","_links_to_target":""},"categories":[1],"tags":[],"class_list":["post-38215","post","type-post","status-publish","format-standard","hentry","category-geral"],"views":1646,"_links":{"self":[{"href":"https:\/\/www.sudoestehoje.com.br\/novoportal\/wp-json\/wp\/v2\/posts\/38215","targetHints":{"allow":["GET"]}}],"collection":[{"href":"https:\/\/www.sudoestehoje.com.br\/novoportal\/wp-json\/wp\/v2\/posts"}],"about":[{"href":"https:\/\/www.sudoestehoje.com.br\/novoportal\/wp-json\/wp\/v2\/types\/post"}],"author":[{"embeddable":true,"href":"https:\/\/www.sudoestehoje.com.br\/novoportal\/wp-json\/wp\/v2\/users\/2"}],"replies":[{"embeddable":true,"href":"https:\/\/www.sudoestehoje.com.br\/novoportal\/wp-json\/wp\/v2\/comments?post=38215"}],"version-history":[{"count":2,"href":"https:\/\/www.sudoestehoje.com.br\/novoportal\/wp-json\/wp\/v2\/posts\/38215\/revisions"}],"predecessor-version":[{"id":38217,"href":"https:\/\/www.sudoestehoje.com.br\/novoportal\/wp-json\/wp\/v2\/posts\/38215\/revisions\/38217"}],"wp:attachment":[{"href":"https:\/\/www.sudoestehoje.com.br\/novoportal\/wp-json\/wp\/v2\/media?parent=38215"}],"wp:term":[{"taxonomy":"category","embeddable":true,"href":"https:\/\/www.sudoestehoje.com.br\/novoportal\/wp-json\/wp\/v2\/categories?post=38215"},{"taxonomy":"post_tag","embeddable":true,"href":"https:\/\/www.sudoestehoje.com.br\/novoportal\/wp-json\/wp\/v2\/tags?post=38215"}],"curies":[{"name":"wp","href":"https:\/\/api.w.org\/{rel}","templated":true}]}}