
{"id":38213,"date":"2014-06-18T20:38:39","date_gmt":"2014-06-18T23:38:39","guid":{"rendered":"http:\/\/www.sudoestehoje.com.br\/novoportal\/?p=38213"},"modified":"2014-06-18T20:38:39","modified_gmt":"2014-06-18T23:38:39","slug":"convencao-do-pt-na-bahia-sera-no-dia-27-com-lula-e-dilma","status":"publish","type":"post","link":"https:\/\/www.sudoestehoje.com.br\/novoportal\/2014\/06\/18\/convencao-do-pt-na-bahia-sera-no-dia-27-com-lula-e-dilma\/","title":{"rendered":"CONVEN\u00c7\u00c3O DO PT NA BAHIA SER\u00c1 NO DIA 27, COM LULA E DILMA"},"content":{"rendered":"<p style=\"text-align: center;\"><img decoding=\"async\" class=\"aligncenter\" alt=\"\" src=\"http:\/\/mutuipeagora.com.br\/wp-content\/uploads\/2014\/05\/lula-rui-costa.png\" width=\"450\" \/><\/p>\n<p>A executiva estadual do PT divulgou, nesta ter\u00e7a-feira (17), que a conven\u00e7\u00e3o do partido \u2013 evento de oficializa\u00e7\u00e3o da candidatura do deputado federal Rui Costa (PT) ao governo do Estado \u2013, marcada para o pr\u00f3ximo dia 27, acontecer\u00e1 no Parque de Exposi\u00e7\u00f5es, em Salvador, e deve contar com as presen\u00e7as da presidente da Rep\u00fablica, Dilma Rousseff (PT), e de seu antecessor, Luiz In\u00e1cio Lula da Silva (PT).<\/p>\n<p>Em comunicado divulgado \u00e1 imprensa, a sigla diz que a ida da dupla ao evento est\u00e1 \u201cpraticamente confirmada\u201d. O governador Jaques Wagner (PT) tamb\u00e9m deve discursar na conven\u00e7\u00e3o.<\/p>\n<p>De acordo com a coordena\u00e7\u00e3o da campanha da chapa petista \u2013 composta ainda pelo pr\u00e9-candidato a vice Jo\u00e3o Le\u00e3o (PP) e pelo pleiteante a senador Otto Alencar (PSD) \u2013, a escolha do local, maior espa\u00e7o para eventos da capital baiana, foi uma reivindica\u00e7\u00e3o dos partidos aliados, que esperam alta ades\u00e3o de eleitores \u00e0 festa.<\/p>\n","protected":false},"excerpt":{"rendered":"<p>A executiva estadual do PT divulgou, nesta ter\u00e7a-feira (17), que a conven\u00e7\u00e3o do partido \u2013 evento de oficializa\u00e7\u00e3o da candidatura do deputado federal Rui Costa (PT) ao governo do Estado \u2013, marcada para o pr\u00f3ximo dia 27, acontecer\u00e1 no Parque de Exposi\u00e7\u00f5es, em Salvador, e deve contar com as presen\u00e7as da presidente da Rep\u00fablica, Dilma [&hellip;]<\/p>\n","protected":false},"author":2,"featured_media":0,"comment_status":"open","ping_status":"open","sticky":false,"template":"","format":"standard","meta":{"footnotes":"","_links_to":"","_links_to_target":""},"categories":[1],"tags":[],"class_list":["post-38213","post","type-post","status-publish","format-standard","hentry","category-geral"],"views":1417,"_links":{"self":[{"href":"https:\/\/www.sudoestehoje.com.br\/novoportal\/wp-json\/wp\/v2\/posts\/38213","targetHints":{"allow":["GET"]}}],"collection":[{"href":"https:\/\/www.sudoestehoje.com.br\/novoportal\/wp-json\/wp\/v2\/posts"}],"about":[{"href":"https:\/\/www.sudoestehoje.com.br\/novoportal\/wp-json\/wp\/v2\/types\/post"}],"author":[{"embeddable":true,"href":"https:\/\/www.sudoestehoje.com.br\/novoportal\/wp-json\/wp\/v2\/users\/2"}],"replies":[{"embeddable":true,"href":"https:\/\/www.sudoestehoje.com.br\/novoportal\/wp-json\/wp\/v2\/comments?post=38213"}],"version-history":[{"count":1,"href":"https:\/\/www.sudoestehoje.com.br\/novoportal\/wp-json\/wp\/v2\/posts\/38213\/revisions"}],"predecessor-version":[{"id":38214,"href":"https:\/\/www.sudoestehoje.com.br\/novoportal\/wp-json\/wp\/v2\/posts\/38213\/revisions\/38214"}],"wp:attachment":[{"href":"https:\/\/www.sudoestehoje.com.br\/novoportal\/wp-json\/wp\/v2\/media?parent=38213"}],"wp:term":[{"taxonomy":"category","embeddable":true,"href":"https:\/\/www.sudoestehoje.com.br\/novoportal\/wp-json\/wp\/v2\/categories?post=38213"},{"taxonomy":"post_tag","embeddable":true,"href":"https:\/\/www.sudoestehoje.com.br\/novoportal\/wp-json\/wp\/v2\/tags?post=38213"}],"curies":[{"name":"wp","href":"https:\/\/api.w.org\/{rel}","templated":true}]}}