
{"id":38187,"date":"2014-06-16T20:42:12","date_gmt":"2014-06-16T23:42:12","guid":{"rendered":"http:\/\/www.sudoestehoje.com.br\/novoportal\/?p=38187"},"modified":"2014-06-17T21:34:11","modified_gmt":"2014-06-18T00:34:11","slug":"alemanha-destroi-portugal-com-goleada-na-fonte-nova","status":"publish","type":"post","link":"https:\/\/www.sudoestehoje.com.br\/novoportal\/2014\/06\/16\/alemanha-destroi-portugal-com-goleada-na-fonte-nova\/","title":{"rendered":"ALEMANHA DESTR\u00d3I PORTUGAL COM GOLEADA NA FONTE NOVA"},"content":{"rendered":"<p><img decoding=\"async\" class=\"aligncenter\" alt=\"\" src=\"http:\/\/www.marcoeusebio.com.br\/trata_foto.php?gd=2&amp;src=imgs\/b6720510a43c0031bb8de3b8f13c8c17.jpg&amp;maxw=800\" width=\"500\" \/><\/p>\n<p>Tido por muitos como uma das favoritas para o t\u00edtulo da Copa do Mundo, a Alemanha confirmou as expectativas e estreou no Mundial com uma vit\u00f3ria por 4 a 0 sobre Portugal, gols de M\u00fcller (3) e Hummels, na Arena Fonte Nova, em Salvador. O grande destaque da partida foi o atacante M\u00fcller, que marcou duas vezes e ainda provocou a expuls\u00e3o do luso-brasileiro Pepe, no primeiro tempo.<\/p>\n<p>Agora, os alem\u00e3es encaram a sele\u00e7\u00e3o de Gana na segunda rodada do grupo G, no pr\u00f3ximo s\u00e1bado, \u00e0s 16h. A partida ser\u00e1 realizada no Castel\u00e3o, em Fortaleza. Enquanto isso, os portugueses jogam sob press\u00e3o diante dos Estados Unidos, no domingo, \u00e0s 19h, na Arena da Amaz\u00f4nia, em Manaus.<\/p>\n<p>&nbsp;<\/p>\n<p><img decoding=\"async\" class=\"aligncenter\" alt=\"Turmalina 1\" src=\"http:\/\/www.sudoestehoje.com.br\/novoportal\/wp-content\/uploads\/2014\/06\/Turmalina-12-500x166.jpg\" \/><\/p>\n","protected":false},"excerpt":{"rendered":"<p>Tido por muitos como uma das favoritas para o t\u00edtulo da Copa do Mundo, a Alemanha confirmou as expectativas e estreou no Mundial com uma vit\u00f3ria por 4 a 0 sobre Portugal, gols de M\u00fcller (3) e Hummels, na Arena Fonte Nova, em Salvador. O grande destaque da partida foi o atacante M\u00fcller, que marcou [&hellip;]<\/p>\n","protected":false},"author":2,"featured_media":0,"comment_status":"open","ping_status":"open","sticky":false,"template":"","format":"standard","meta":{"footnotes":"","_links_to":"","_links_to_target":""},"categories":[1],"tags":[],"class_list":["post-38187","post","type-post","status-publish","format-standard","hentry","category-geral"],"views":1154,"_links":{"self":[{"href":"https:\/\/www.sudoestehoje.com.br\/novoportal\/wp-json\/wp\/v2\/posts\/38187","targetHints":{"allow":["GET"]}}],"collection":[{"href":"https:\/\/www.sudoestehoje.com.br\/novoportal\/wp-json\/wp\/v2\/posts"}],"about":[{"href":"https:\/\/www.sudoestehoje.com.br\/novoportal\/wp-json\/wp\/v2\/types\/post"}],"author":[{"embeddable":true,"href":"https:\/\/www.sudoestehoje.com.br\/novoportal\/wp-json\/wp\/v2\/users\/2"}],"replies":[{"embeddable":true,"href":"https:\/\/www.sudoestehoje.com.br\/novoportal\/wp-json\/wp\/v2\/comments?post=38187"}],"version-history":[{"count":2,"href":"https:\/\/www.sudoestehoje.com.br\/novoportal\/wp-json\/wp\/v2\/posts\/38187\/revisions"}],"predecessor-version":[{"id":38211,"href":"https:\/\/www.sudoestehoje.com.br\/novoportal\/wp-json\/wp\/v2\/posts\/38187\/revisions\/38211"}],"wp:attachment":[{"href":"https:\/\/www.sudoestehoje.com.br\/novoportal\/wp-json\/wp\/v2\/media?parent=38187"}],"wp:term":[{"taxonomy":"category","embeddable":true,"href":"https:\/\/www.sudoestehoje.com.br\/novoportal\/wp-json\/wp\/v2\/categories?post=38187"},{"taxonomy":"post_tag","embeddable":true,"href":"https:\/\/www.sudoestehoje.com.br\/novoportal\/wp-json\/wp\/v2\/tags?post=38187"}],"curies":[{"name":"wp","href":"https:\/\/api.w.org\/{rel}","templated":true}]}}