
{"id":38184,"date":"2014-06-16T17:17:05","date_gmt":"2014-06-16T20:17:05","guid":{"rendered":"http:\/\/www.sudoestehoje.com.br\/novoportal\/?p=38184"},"modified":"2014-06-16T17:17:05","modified_gmt":"2014-06-16T20:17:05","slug":"acm-neto-assiste-jogo-na-fonte-nova-ao-lado-de-angela-merkel","status":"publish","type":"post","link":"https:\/\/www.sudoestehoje.com.br\/novoportal\/2014\/06\/16\/acm-neto-assiste-jogo-na-fonte-nova-ao-lado-de-angela-merkel\/","title":{"rendered":"ACM NETO ASSISTE JOGO NA FONTE NOVA AO LADO DE \u00c2NGELA MERKEL"},"content":{"rendered":"<p style=\"text-align: center;\"><a href=\"http:\/\/www.sudoestehoje.com.br\/novoportal\/wp-content\/uploads\/2014\/06\/IMG-20140616-WA0007-1.jpg\"><img decoding=\"async\" class=\"wp-image-38185 alignleft\" alt=\"IMG-20140616-WA0007 (1)\" src=\"http:\/\/www.sudoestehoje.com.br\/novoportal\/wp-content\/uploads\/2014\/06\/IMG-20140616-WA0007-1-375x500.jpg\" width=\"250\" srcset=\"https:\/\/www.sudoestehoje.com.br\/novoportal\/wp-content\/uploads\/2014\/06\/IMG-20140616-WA0007-1-375x500.jpg 375w, https:\/\/www.sudoestehoje.com.br\/novoportal\/wp-content\/uploads\/2014\/06\/IMG-20140616-WA0007-1-525x700.jpg 525w, https:\/\/www.sudoestehoje.com.br\/novoportal\/wp-content\/uploads\/2014\/06\/IMG-20140616-WA0007-1.jpg 600w\" sizes=\"(max-width: 375px) 100vw, 375px\" \/><\/a><\/p>\n<p>O prefeito ACM Neto participou nesta segunda-feira (16) de mais um grande espet\u00e1culo na Arena Fonte Nova, que recebeu a partida da Alemanha contra Portugal, ao lado da chanceler alem\u00e3 \u00c2ngela Merkel.<\/p>\n<p>Neto afirmou que Salvador d\u00e1 um belo show nessa Copa do Mundo, tendo o privil\u00e9gio de presenciar 10 gols em apenas dois jogos, com sele\u00e7\u00f5es de peso: al\u00e9m Alemanha e Portugal com 4 a 0 para a sele\u00e7\u00e3o alem\u00e3, jogaram em solo soteropolitano Holanda e Espanha, que cravaram 5 a 1 em benef\u00edcio dos holandeses.<\/p>\n<p>&#8220;Salvador demonstra que sabe receber bem seus turistas e que tem capacidade de realizar importantes eventos mundiais. Seguimos com uma excelente organiza\u00e7\u00e3o e assim ser\u00e1 at\u00e9 o final do Mundial. Ainda teremos muito mais festa no dia 20 com Fran\u00e7a e Su\u00ed\u00e7a&#8221;, acrescentou.<\/p>\n","protected":false},"excerpt":{"rendered":"<p>O prefeito ACM Neto participou nesta segunda-feira (16) de mais um grande espet\u00e1culo na Arena Fonte Nova, que recebeu a partida da Alemanha contra Portugal, ao lado da chanceler alem\u00e3 \u00c2ngela Merkel. Neto afirmou que Salvador d\u00e1 um belo show nessa Copa do Mundo, tendo o privil\u00e9gio de presenciar 10 gols em apenas dois jogos, [&hellip;]<\/p>\n","protected":false},"author":2,"featured_media":0,"comment_status":"open","ping_status":"open","sticky":false,"template":"","format":"standard","meta":{"footnotes":"","_links_to":"","_links_to_target":""},"categories":[1],"tags":[],"class_list":["post-38184","post","type-post","status-publish","format-standard","hentry","category-geral"],"views":1346,"_links":{"self":[{"href":"https:\/\/www.sudoestehoje.com.br\/novoportal\/wp-json\/wp\/v2\/posts\/38184","targetHints":{"allow":["GET"]}}],"collection":[{"href":"https:\/\/www.sudoestehoje.com.br\/novoportal\/wp-json\/wp\/v2\/posts"}],"about":[{"href":"https:\/\/www.sudoestehoje.com.br\/novoportal\/wp-json\/wp\/v2\/types\/post"}],"author":[{"embeddable":true,"href":"https:\/\/www.sudoestehoje.com.br\/novoportal\/wp-json\/wp\/v2\/users\/2"}],"replies":[{"embeddable":true,"href":"https:\/\/www.sudoestehoje.com.br\/novoportal\/wp-json\/wp\/v2\/comments?post=38184"}],"version-history":[{"count":1,"href":"https:\/\/www.sudoestehoje.com.br\/novoportal\/wp-json\/wp\/v2\/posts\/38184\/revisions"}],"predecessor-version":[{"id":38186,"href":"https:\/\/www.sudoestehoje.com.br\/novoportal\/wp-json\/wp\/v2\/posts\/38184\/revisions\/38186"}],"wp:attachment":[{"href":"https:\/\/www.sudoestehoje.com.br\/novoportal\/wp-json\/wp\/v2\/media?parent=38184"}],"wp:term":[{"taxonomy":"category","embeddable":true,"href":"https:\/\/www.sudoestehoje.com.br\/novoportal\/wp-json\/wp\/v2\/categories?post=38184"},{"taxonomy":"post_tag","embeddable":true,"href":"https:\/\/www.sudoestehoje.com.br\/novoportal\/wp-json\/wp\/v2\/tags?post=38184"}],"curies":[{"name":"wp","href":"https:\/\/api.w.org\/{rel}","templated":true}]}}