
{"id":38179,"date":"2014-06-16T13:37:00","date_gmt":"2014-06-16T16:37:00","guid":{"rendered":"http:\/\/www.sudoestehoje.com.br\/novoportal\/?p=38179"},"modified":"2014-06-16T16:51:19","modified_gmt":"2014-06-16T19:51:19","slug":"michael-schumacher-acorda-e-comeca-recuperacao-na-suico","status":"publish","type":"post","link":"https:\/\/www.sudoestehoje.com.br\/novoportal\/2014\/06\/16\/michael-schumacher-acorda-e-comeca-recuperacao-na-suico\/","title":{"rendered":"MICHAEL SCHUMACHER ACORDA E COME\u00c7A RECUPERA\u00c7\u00c3O NA SUI\u00c7A"},"content":{"rendered":"<p><img decoding=\"async\" class=\"aligncenter\" alt=\"Schumacher agora inicia nova etapa em sua recupera\u00e7\u00e3o\" src=\"http:\/\/contenti1.espn.com.br\/image\/wide\/622_d13012a5-28a8-337b-8134-8ebc56e8d9b7.jpg\" width=\"500\" \/><\/p>\n<p>A semana come\u00e7ou com uma \u00f3tima not\u00edcia para o esporte. Michael Schumacher acordou do coma. A informa\u00e7\u00e3o foi confirmada pela assessora de imprensa do ex-piloto, Sabine Khem, por meio de um comunicado nesta segunda-feira. Al\u00e9m disso, o alem\u00e3o deixou a UTI em Grenoble, na Fran\u00e7a, e j\u00e1 est\u00e1 no Hospital Universit\u00e1rio em Lausanne, na Su\u00ed\u00e7a.<\/p>\n<p>O heptacampe\u00e3o da F\u00f3rmula 1 ficou por cerca de seis meses em coma ap\u00f3s ter sofrido um traumatismo craniano em 29 de dezembro.\u00a0A les\u00e3o se deu quando ele esquiava com seu filho em M\u00e9ribel, em Saboia, nos Alpes Franceses, e bateu com a cabe\u00e7a em uma pedra.<\/p>\n<p>O alem\u00e3o de 45 anos tinha sido levado a um hospital de helic\u00f3ptero, e a suspeita inicial era de que a pancada havia sido leve. Por\u00e9m, horas mais tarde, o traumatismo craniano s\u00e9rio e o coma foram confirmados. Desde ent\u00e3o, ele assou por cirurgias para reduzir a press\u00e3o intracraniana e para a remo\u00e7\u00e3o de co\u00e1gulos e ficou em coma.<\/p>\n<p>Al\u00e9m de trazer a \u00f3tima not\u00edcia, Khem tratou de ressaltar que a privacidade ser\u00e1 parte importante da nova etapa da recupera\u00e7\u00e3o do alem\u00e3o.<\/p>\n<p>Posteriormente, foi confirmado que o ex-piloto de 45 anos foi transferido para um hospital na cidade de Lausanne, na Su\u00ed\u00e7a. Quem informou foi o porta-voz do local, Darcy Christen, que ainda negou comentar em que tipo de instala\u00e7\u00e3o hospitalar estava sendo tratado Schumacher, que mora com sua fam\u00edlia em uma cidade entre Lausanne e Genebra, alegando quest\u00f5es de sigilo m\u00e9dico e privacidade da fam\u00edlia.<\/p>\n","protected":false},"excerpt":{"rendered":"<p>A semana come\u00e7ou com uma \u00f3tima not\u00edcia para o esporte. Michael Schumacher acordou do coma. A informa\u00e7\u00e3o foi confirmada pela assessora de imprensa do ex-piloto, Sabine Khem, por meio de um comunicado nesta segunda-feira. Al\u00e9m disso, o alem\u00e3o deixou a UTI em Grenoble, na Fran\u00e7a, e j\u00e1 est\u00e1 no Hospital Universit\u00e1rio em Lausanne, na Su\u00ed\u00e7a. [&hellip;]<\/p>\n","protected":false},"author":2,"featured_media":0,"comment_status":"open","ping_status":"open","sticky":false,"template":"","format":"standard","meta":{"footnotes":"","_links_to":"","_links_to_target":""},"categories":[1],"tags":[],"class_list":["post-38179","post","type-post","status-publish","format-standard","hentry","category-geral"],"views":1372,"_links":{"self":[{"href":"https:\/\/www.sudoestehoje.com.br\/novoportal\/wp-json\/wp\/v2\/posts\/38179","targetHints":{"allow":["GET"]}}],"collection":[{"href":"https:\/\/www.sudoestehoje.com.br\/novoportal\/wp-json\/wp\/v2\/posts"}],"about":[{"href":"https:\/\/www.sudoestehoje.com.br\/novoportal\/wp-json\/wp\/v2\/types\/post"}],"author":[{"embeddable":true,"href":"https:\/\/www.sudoestehoje.com.br\/novoportal\/wp-json\/wp\/v2\/users\/2"}],"replies":[{"embeddable":true,"href":"https:\/\/www.sudoestehoje.com.br\/novoportal\/wp-json\/wp\/v2\/comments?post=38179"}],"version-history":[{"count":2,"href":"https:\/\/www.sudoestehoje.com.br\/novoportal\/wp-json\/wp\/v2\/posts\/38179\/revisions"}],"predecessor-version":[{"id":38183,"href":"https:\/\/www.sudoestehoje.com.br\/novoportal\/wp-json\/wp\/v2\/posts\/38179\/revisions\/38183"}],"wp:attachment":[{"href":"https:\/\/www.sudoestehoje.com.br\/novoportal\/wp-json\/wp\/v2\/media?parent=38179"}],"wp:term":[{"taxonomy":"category","embeddable":true,"href":"https:\/\/www.sudoestehoje.com.br\/novoportal\/wp-json\/wp\/v2\/categories?post=38179"},{"taxonomy":"post_tag","embeddable":true,"href":"https:\/\/www.sudoestehoje.com.br\/novoportal\/wp-json\/wp\/v2\/tags?post=38179"}],"curies":[{"name":"wp","href":"https:\/\/api.w.org\/{rel}","templated":true}]}}