
{"id":38170,"date":"2014-06-15T10:16:54","date_gmt":"2014-06-15T13:16:54","guid":{"rendered":"http:\/\/www.sudoestehoje.com.br\/novoportal\/?p=38170"},"modified":"2014-06-15T10:19:41","modified_gmt":"2014-06-15T13:19:41","slug":"lula-teme-pelas-chances-de-rui-costa","status":"publish","type":"post","link":"https:\/\/www.sudoestehoje.com.br\/novoportal\/2014\/06\/15\/lula-teme-pelas-chances-de-rui-costa\/","title":{"rendered":"LULA TEME PELAS CHANCES DE RUI COSTA"},"content":{"rendered":"<p><img decoding=\"async\" class=\"aligncenter\" alt=\"\" src=\"http:\/\/visaonacional.com.br\/wp-content\/uploads\/2014\/05\/lularui-692x360.jpg\" width=\"450\" \/><\/p>\n<p>O ex-presidente Luiz In\u00e1cio Lula da Silva teme pelas chances do pr\u00e9-candidato petista ao Governo da Bahia, Rui Costa. A informa\u00e7\u00e3o foi publicada na revista Veja desta semana. Segundo a publica\u00e7\u00e3o, ele est\u00e1 pessimista quanto \u00e0s chances nos maiores col\u00e9gios eleitorais do pa\u00eds e avalia que Alexandre Padilha, Lindbergh Farias e Fernando Pimentel tamb\u00e9m n\u00e3o ser\u00e3o governadores.<\/p>\n<p>&nbsp;<\/p>\n<p><a href=\"http:\/\/www.sudoestehoje.com.br\/novoportal\/wp-content\/uploads\/2014\/06\/Turmalina-021.jpg\"><img loading=\"lazy\" decoding=\"async\" class=\"aligncenter size-medium wp-image-38174\" alt=\"Turmalina-02\" src=\"http:\/\/www.sudoestehoje.com.br\/novoportal\/wp-content\/uploads\/2014\/06\/Turmalina-021-500x166.jpg\" width=\"500\" height=\"166\" srcset=\"https:\/\/www.sudoestehoje.com.br\/novoportal\/wp-content\/uploads\/2014\/06\/Turmalina-021-500x166.jpg 500w, https:\/\/www.sudoestehoje.com.br\/novoportal\/wp-content\/uploads\/2014\/06\/Turmalina-021-700x233.jpg 700w, https:\/\/www.sudoestehoje.com.br\/novoportal\/wp-content\/uploads\/2014\/06\/Turmalina-021.jpg 960w\" sizes=\"auto, (max-width: 500px) 100vw, 500px\" \/><\/a><\/p>\n","protected":false},"excerpt":{"rendered":"<p>O ex-presidente Luiz In\u00e1cio Lula da Silva teme pelas chances do pr\u00e9-candidato petista ao Governo da Bahia, Rui Costa. A informa\u00e7\u00e3o foi publicada na revista Veja desta semana. Segundo a publica\u00e7\u00e3o, ele est\u00e1 pessimista quanto \u00e0s chances nos maiores col\u00e9gios eleitorais do pa\u00eds e avalia que Alexandre Padilha, Lindbergh Farias e Fernando Pimentel tamb\u00e9m n\u00e3o [&hellip;]<\/p>\n","protected":false},"author":2,"featured_media":0,"comment_status":"open","ping_status":"open","sticky":false,"template":"","format":"standard","meta":{"footnotes":"","_links_to":"","_links_to_target":""},"categories":[1],"tags":[],"class_list":["post-38170","post","type-post","status-publish","format-standard","hentry","category-geral"],"views":1198,"_links":{"self":[{"href":"https:\/\/www.sudoestehoje.com.br\/novoportal\/wp-json\/wp\/v2\/posts\/38170","targetHints":{"allow":["GET"]}}],"collection":[{"href":"https:\/\/www.sudoestehoje.com.br\/novoportal\/wp-json\/wp\/v2\/posts"}],"about":[{"href":"https:\/\/www.sudoestehoje.com.br\/novoportal\/wp-json\/wp\/v2\/types\/post"}],"author":[{"embeddable":true,"href":"https:\/\/www.sudoestehoje.com.br\/novoportal\/wp-json\/wp\/v2\/users\/2"}],"replies":[{"embeddable":true,"href":"https:\/\/www.sudoestehoje.com.br\/novoportal\/wp-json\/wp\/v2\/comments?post=38170"}],"version-history":[{"count":5,"href":"https:\/\/www.sudoestehoje.com.br\/novoportal\/wp-json\/wp\/v2\/posts\/38170\/revisions"}],"predecessor-version":[{"id":38176,"href":"https:\/\/www.sudoestehoje.com.br\/novoportal\/wp-json\/wp\/v2\/posts\/38170\/revisions\/38176"}],"wp:attachment":[{"href":"https:\/\/www.sudoestehoje.com.br\/novoportal\/wp-json\/wp\/v2\/media?parent=38170"}],"wp:term":[{"taxonomy":"category","embeddable":true,"href":"https:\/\/www.sudoestehoje.com.br\/novoportal\/wp-json\/wp\/v2\/categories?post=38170"},{"taxonomy":"post_tag","embeddable":true,"href":"https:\/\/www.sudoestehoje.com.br\/novoportal\/wp-json\/wp\/v2\/tags?post=38170"}],"curies":[{"name":"wp","href":"https:\/\/api.w.org\/{rel}","templated":true}]}}