
{"id":38152,"date":"2014-06-15T09:08:21","date_gmt":"2014-06-15T12:08:21","guid":{"rendered":"http:\/\/www.sudoestehoje.com.br\/novoportal\/?p=38152"},"modified":"2014-06-15T09:55:20","modified_gmt":"2014-06-15T12:55:20","slug":"prefeito-paulo-fernandes-inaugura-posto-de-saude-em-agua-vermelha","status":"publish","type":"post","link":"https:\/\/www.sudoestehoje.com.br\/novoportal\/2014\/06\/15\/prefeito-paulo-fernandes-inaugura-posto-de-saude-em-agua-vermelha\/","title":{"rendered":"PREFEITO PAULO FERNANDES INAUGURA POSTO DE SA\u00daDE EM \u00c1GUA VERMELHA"},"content":{"rendered":"<p style=\"text-align: center;\"><img decoding=\"async\" alt=\"SERVLAR BANNER\" src=\"http:\/\/www.sudoestehoje.com.br\/novoportal\/wp-content\/uploads\/2014\/06\/SERVLAR-BANNER3-500x178.jpg\" \/><span style=\"color: #888888;\"><\/span><\/p>\n<p><img decoding=\"async\" class=\"aligncenter\" alt=\"\" src=\"http:\/\/3.bp.blogspot.com\/--V-KMxym86g\/U5tKIUg5ReI\/AAAAAAAANus\/7oPqs4SYzEY\/s1600\/inaugura%C3%A7ao+posto+agua+vermelha+150ss.jpg\" width=\"500\" \/><\/p>\n<p>ITARANTIM: Na manh\u00e3 desta quinta-feira, o prefeito de Itarantim, Paulo Fernandes, inaugurou um moderno Posto de Sa\u00fade em \u00c1gua Vermelha, levando benef\u00edcio aos moradores da localidade e regi\u00e3o., que reivindicavam, h\u00e1 anos, uma maior aten\u00e7\u00e3o \u00e0 sa\u00fade local.<\/p>\n<p><img decoding=\"async\" class=\"aligncenter\" alt=\"\" src=\"http:\/\/3.bp.blogspot.com\/-xIwvsyHY9KA\/U5tGAXlQ5LI\/AAAAAAAANuA\/7uu_FtqBIE4\/s1600\/inaugura+%C2%BAao+posto+agua+vermelha+200.jpg\" width=\"500\" \/>Acompanhado da secret\u00e1ria municipal de sa\u00fade, Wliana Barreto Xavier Pires,\u00a0e dos vereadores Dudu e Pedro Paulo, o prefeito Paulo Fernandes levou a alegria aos moradores da \u00c1gua Vermelha, que ainda foram agraciados com v\u00e1rios brindes, sorteados durante a inaugura\u00e7\u00e3o da unidade de sa\u00fade, que foi totalmente equipada para atender \u00e0 comunidade.<\/p>\n<p>Confira as fotos:<\/p>\n<p><img decoding=\"async\" class=\"aligncenter\" alt=\"\" src=\"http:\/\/4.bp.blogspot.com\/-2PDZIXP7VA8\/U5tECXk1kXI\/AAAAAAAANtQ\/l7ET-MFnpGU\/s1600\/inaugura+%C2%BAao+posto+agua+vermelha+019.jpg\" width=\"500\" \/><\/p>\n<p><img decoding=\"async\" class=\"aligncenter\" alt=\"\" src=\"http:\/\/3.bp.blogspot.com\/-C9iG0cv3gEc\/U5tG1lQtZOI\/AAAAAAAANuY\/5AZPNySxllQ\/s1600\/inaugura+%C2%BAao+posto+agua+vermelha+173.jpg\" width=\"500\" \/><\/p>\n<p><img decoding=\"async\" class=\"aligncenter\" alt=\"\" src=\"http:\/\/2.bp.blogspot.com\/-RXJqaQmqNk4\/U5tD1imIhGI\/AAAAAAAANtI\/E7RrFwibaTc\/s1600\/inaugura+%C2%BAao+posto+agua+vermelha+030.jpg\" width=\"500\" \/><\/p>\n<p><img decoding=\"async\" class=\"aligncenter\" alt=\"\" src=\"http:\/\/1.bp.blogspot.com\/-evCNhm4JZu8\/U5uHHRNvoNI\/AAAAAAAANvs\/uc7JQEj2Jc4\/s1600\/inaugura%C3%A7ao+posto+agua+vermelha+196.JPG\" width=\"500\" \/><\/p>\n<p><img decoding=\"async\" class=\"aligncenter\" alt=\"\" src=\"http:\/\/3.bp.blogspot.com\/-3DMdhwMPcfw\/U5uFW7F-xsI\/AAAAAAAANu8\/S7xzud9AZ-M\/s1600\/inaugura%C3%A7ao+posto+agua+vermelha+184.JPG\" width=\"500\" \/><\/p>\n","protected":false},"excerpt":{"rendered":"<p>ITARANTIM: Na manh\u00e3 desta quinta-feira, o prefeito de Itarantim, Paulo Fernandes, inaugurou um moderno Posto de Sa\u00fade em \u00c1gua Vermelha, levando benef\u00edcio aos moradores da localidade e regi\u00e3o., que reivindicavam, h\u00e1 anos, uma maior aten\u00e7\u00e3o \u00e0 sa\u00fade local. Acompanhado da secret\u00e1ria municipal de sa\u00fade, Wliana Barreto Xavier Pires,\u00a0e dos vereadores Dudu e Pedro Paulo, o [&hellip;]<\/p>\n","protected":false},"author":2,"featured_media":0,"comment_status":"open","ping_status":"open","sticky":false,"template":"","format":"standard","meta":{"footnotes":"","_links_to":"","_links_to_target":""},"categories":[1],"tags":[],"class_list":["post-38152","post","type-post","status-publish","format-standard","hentry","category-geral"],"views":2181,"_links":{"self":[{"href":"https:\/\/www.sudoestehoje.com.br\/novoportal\/wp-json\/wp\/v2\/posts\/38152","targetHints":{"allow":["GET"]}}],"collection":[{"href":"https:\/\/www.sudoestehoje.com.br\/novoportal\/wp-json\/wp\/v2\/posts"}],"about":[{"href":"https:\/\/www.sudoestehoje.com.br\/novoportal\/wp-json\/wp\/v2\/types\/post"}],"author":[{"embeddable":true,"href":"https:\/\/www.sudoestehoje.com.br\/novoportal\/wp-json\/wp\/v2\/users\/2"}],"replies":[{"embeddable":true,"href":"https:\/\/www.sudoestehoje.com.br\/novoportal\/wp-json\/wp\/v2\/comments?post=38152"}],"version-history":[{"count":4,"href":"https:\/\/www.sudoestehoje.com.br\/novoportal\/wp-json\/wp\/v2\/posts\/38152\/revisions"}],"predecessor-version":[{"id":38169,"href":"https:\/\/www.sudoestehoje.com.br\/novoportal\/wp-json\/wp\/v2\/posts\/38152\/revisions\/38169"}],"wp:attachment":[{"href":"https:\/\/www.sudoestehoje.com.br\/novoportal\/wp-json\/wp\/v2\/media?parent=38152"}],"wp:term":[{"taxonomy":"category","embeddable":true,"href":"https:\/\/www.sudoestehoje.com.br\/novoportal\/wp-json\/wp\/v2\/categories?post=38152"},{"taxonomy":"post_tag","embeddable":true,"href":"https:\/\/www.sudoestehoje.com.br\/novoportal\/wp-json\/wp\/v2\/tags?post=38152"}],"curies":[{"name":"wp","href":"https:\/\/api.w.org\/{rel}","templated":true}]}}