
{"id":38137,"date":"2014-06-14T22:05:27","date_gmt":"2014-06-15T01:05:27","guid":{"rendered":"http:\/\/www.sudoestehoje.com.br\/novoportal\/?p=38137"},"modified":"2014-06-15T09:51:54","modified_gmt":"2014-06-15T12:51:54","slug":"santa-casa-de-jequie-e-ampliada-com-mais-14-leitos-novo-centro-medico-e-moderno-laboratorio","status":"publish","type":"post","link":"https:\/\/www.sudoestehoje.com.br\/novoportal\/2014\/06\/14\/santa-casa-de-jequie-e-ampliada-com-mais-14-leitos-novo-centro-medico-e-moderno-laboratorio\/","title":{"rendered":"SANTA CASA DE JEQUI\u00c9 \u00c9 AMPLIADA COM MAIS 14 LEITOS, NOVO CENTRO M\u00c9DICO E MODERNO LABORAT\u00d3RIO"},"content":{"rendered":"<p style=\"text-align: center;\"><img decoding=\"async\" class=\"aligncenter\" alt=\"Foto: FUNDA\u00c7\u00c3O JOS\u00c9 SILVEIRA: SANTA CASA DE JEQUI\u00c9 \u00c9 AMPLIADA COM MAIS 14 LEITOS, NOVO CENTRO M\u00c9DICO E MODERNO LABORAT\u00d3RIO\" src=\"https:\/\/fbcdn-sphotos-h-a.akamaihd.net\/hphotos-ak-xpf1\/v\/t1.0-9\/s851x315\/10428710_782979005067293_2629334903777483123_n.jpg?oh=2b4ee4ee457320964df696c87ce60e3d&amp;oe=54246A79&amp;__gda__=1410360260_8a4bfd6216eb9d6dc532d31e079bfa12\" width=\"500\" \/><\/p>\n<p id=\"yui_3_16_0_1_1402793657941_3636\">A Funda\u00e7\u00e3o Jos\u00e9 Silveira (FJS) inaugurou hoje (14 de junho) na Santa Casa Hospital S\u00e3o Judas Tadeu mais 14 leitos de obstetr\u00edcia, o novo Centro M\u00e9dico, com quatro consult\u00f3rios, e moderno laborat\u00f3rio de an\u00e1lises cl\u00ednicas. \u201cA amplia\u00e7\u00e3o da Santa Casa, que passa a contar com 71 leitos, reafirma algo que \u00e9 a marca da Funda\u00e7\u00e3o Jos\u00e9 Silveira: assegurar atendimento com dignidade e qualidade para quem mais precisa\u201d, disse a superintendente da institui\u00e7\u00e3o, Leila Brito, durante a solenidade prestigiada por grande n\u00famero de moradores e lideran\u00e7as de Jequi\u00e9 e regi\u00e3o.<\/p>\n<p>Ela recordou o in\u00edcio da obra, com o lan\u00e7amento da pedra fundamental, em junho de 2010, e o in\u00edcio da constru\u00e7\u00e3o em um terreno doado pela Senhora Nice Aguiar. \u201cEm dois anos, contabilizamos 153.709 atendimentos e procedimentos de sa\u00fade realizados na Santa Casa de Jequi\u00e9 e outros 290.705 realizados atrav\u00e9s do programa Santa Casa de Bairro em Bairro\u201d, informou Leila.<img decoding=\"async\" class=\"aligncenter\" alt=\"Turmalina 1\" src=\"http:\/\/www.sudoestehoje.com.br\/novoportal\/wp-content\/uploads\/2014\/06\/Turmalina-12-500x166.jpg\" \/><!--more--><\/p>\n<p id=\"yui_3_16_0_1_1402793657941_3639\">Em seu pronunciamento, o presidente do Conselho de Curadores da FJS, o m\u00e9dico Geraldo Leite, agradeceu o empenho da superintendente, o compromisso dos colaboradores e o apoio constante do deputado Antonio Brito para o fortalecimento da Santa Casa. \u201c\u00c9 nossa meta superar a marca dos 100 leitos, al\u00e9m de investir em constantes melhorias, como a implanta\u00e7\u00e3o de um audit\u00f3rio e novas instala\u00e7\u00f5es administrativas, cujas obras j\u00e1 iniciaram\u201d, salientou Dr. Geraldo Leite.<\/p>\n<p>\u201cA Santa Casa \u00e9 uma maternidade de refer\u00eancia em servi\u00e7os de qualidade e consagrada pela humaniza\u00e7\u00e3o, patrim\u00f4nio do povo de Jequi\u00e9 que orgulha a Bahia e a todos os que buscam garantir assist\u00eancia \u00e0 sa\u00fade de qualidade \u00e0 popula\u00e7\u00e3o baiana\u201d, comentou o deputado Antonio Brito, principal lideran\u00e7a do setor filantr\u00f3pico no Congresso e atual presidente da Confedera\u00e7\u00e3o Internacional das Miseric\u00f3rdias. Ascom<\/p>\n<p><a href=\"http:\/\/www.sudoestehoje.com.br\/novoportal\/wp-content\/uploads\/2014\/06\/Turmalina-12.jpg\"><img loading=\"lazy\" decoding=\"async\" class=\"aligncenter size-medium wp-image-38164\" alt=\"Turmalina 1\" src=\"http:\/\/www.sudoestehoje.com.br\/novoportal\/wp-content\/uploads\/2014\/06\/Turmalina-12-500x166.jpg\" width=\"500\" height=\"166\" srcset=\"https:\/\/www.sudoestehoje.com.br\/novoportal\/wp-content\/uploads\/2014\/06\/Turmalina-12-500x166.jpg 500w, https:\/\/www.sudoestehoje.com.br\/novoportal\/wp-content\/uploads\/2014\/06\/Turmalina-12-700x233.jpg 700w, https:\/\/www.sudoestehoje.com.br\/novoportal\/wp-content\/uploads\/2014\/06\/Turmalina-12.jpg 960w\" sizes=\"auto, (max-width: 500px) 100vw, 500px\" \/><\/a><\/p>\n<p>&nbsp;<\/p>\n","protected":false},"excerpt":{"rendered":"<p>A Funda\u00e7\u00e3o Jos\u00e9 Silveira (FJS) inaugurou hoje (14 de junho) na Santa Casa Hospital S\u00e3o Judas Tadeu mais 14 leitos de obstetr\u00edcia, o novo Centro M\u00e9dico, com quatro consult\u00f3rios, e moderno laborat\u00f3rio de an\u00e1lises cl\u00ednicas. \u201cA amplia\u00e7\u00e3o da Santa Casa, que passa a contar com 71 leitos, reafirma algo que \u00e9 a marca da Funda\u00e7\u00e3o [&hellip;]<\/p>\n","protected":false},"author":2,"featured_media":0,"comment_status":"open","ping_status":"open","sticky":false,"template":"","format":"standard","meta":{"footnotes":"","_links_to":"","_links_to_target":""},"categories":[1],"tags":[],"class_list":["post-38137","post","type-post","status-publish","format-standard","hentry","category-geral"],"views":1156,"_links":{"self":[{"href":"https:\/\/www.sudoestehoje.com.br\/novoportal\/wp-json\/wp\/v2\/posts\/38137","targetHints":{"allow":["GET"]}}],"collection":[{"href":"https:\/\/www.sudoestehoje.com.br\/novoportal\/wp-json\/wp\/v2\/posts"}],"about":[{"href":"https:\/\/www.sudoestehoje.com.br\/novoportal\/wp-json\/wp\/v2\/types\/post"}],"author":[{"embeddable":true,"href":"https:\/\/www.sudoestehoje.com.br\/novoportal\/wp-json\/wp\/v2\/users\/2"}],"replies":[{"embeddable":true,"href":"https:\/\/www.sudoestehoje.com.br\/novoportal\/wp-json\/wp\/v2\/comments?post=38137"}],"version-history":[{"count":6,"href":"https:\/\/www.sudoestehoje.com.br\/novoportal\/wp-json\/wp\/v2\/posts\/38137\/revisions"}],"predecessor-version":[{"id":38167,"href":"https:\/\/www.sudoestehoje.com.br\/novoportal\/wp-json\/wp\/v2\/posts\/38137\/revisions\/38167"}],"wp:attachment":[{"href":"https:\/\/www.sudoestehoje.com.br\/novoportal\/wp-json\/wp\/v2\/media?parent=38137"}],"wp:term":[{"taxonomy":"category","embeddable":true,"href":"https:\/\/www.sudoestehoje.com.br\/novoportal\/wp-json\/wp\/v2\/categories?post=38137"},{"taxonomy":"post_tag","embeddable":true,"href":"https:\/\/www.sudoestehoje.com.br\/novoportal\/wp-json\/wp\/v2\/tags?post=38137"}],"curies":[{"name":"wp","href":"https:\/\/api.w.org\/{rel}","templated":true}]}}