
{"id":38135,"date":"2014-06-14T21:44:55","date_gmt":"2014-06-15T00:44:55","guid":{"rendered":"http:\/\/www.sudoestehoje.com.br\/novoportal\/?p=38135"},"modified":"2014-06-15T09:54:05","modified_gmt":"2014-06-15T12:54:05","slug":"oposicao-faz-convencao-na-quarta","status":"publish","type":"post","link":"https:\/\/www.sudoestehoje.com.br\/novoportal\/2014\/06\/14\/oposicao-faz-convencao-na-quarta\/","title":{"rendered":"OPOSI\u00c7\u00c3O FAZ CONVEN\u00c7\u00c3O NA QUARTA"},"content":{"rendered":"<p><img decoding=\"async\" class=\"aligncenter\" alt=\"\" src=\"http:\/\/1.bp.blogspot.com\/-WXLaNRH_eZ0\/U0xxurHChLI\/AAAAAAADcOg\/a_YAK4s1bNY\/s1600\/1+a+2.jpg\" width=\"500\" \/><\/p>\n<p>A chapa majorit\u00e1ria da oposi\u00e7\u00e3o baiana foi a S\u00e3o Paulo, neste s\u00e1bado, prestigiar a confirma\u00e7\u00e3o da candidatura aliada \u00e0 Presid\u00eancia da Rep\u00fablica do senador A\u00e9cio Neves, na Conven\u00e7\u00e3o Nacional do PSDB.<\/p>\n<p>Na pr\u00f3xima quarta-feira, a partir das 9h30min., no Espa\u00e7o Unique, na Av. Tancredo Neves, em Salvador, ser\u00e1 a vez de Paulo Souto, Joaci G\u00f3es e Geddel Vieira Lima oficializarem seus nomes para a disputa do Governo Estadual e Senado Federal pela Bahia, na Conven\u00e7\u00e3o Partid\u00e1ria que, al\u00e9m de Democratas, PSDB e PMDB, reunir\u00e1 tamb\u00e9m PTN, PROS e Solidariedade.<\/p>\n<p>O ato p\u00fablico contar\u00e1 com a presen\u00e7a dos prefeitos ACM Neto, de Salvador, e Jos\u00e9 Ronaldo, de Feira de Santana, e ter\u00e1 o apoio do PV, PRP, PHS, PPS e PTC, que far\u00e3o conven\u00e7\u00f5es independentes, mas j\u00e1 decidiram de que lado ficar\u00e3o nas elei\u00e7\u00f5es de cinco de outubro.<\/p>\n<p>Democratas, PSDB, PMDB, PTN, PROS e Solidariedade, por sua vez, homologar\u00e3o, na quarta-feira, suas decis\u00f5es quanto \u00e0s chapas majorit\u00e1ria e proporcional. Os demais t\u00eam at\u00e9 30 de junho para realizar suas conven\u00e7\u00f5es.<\/p>\n<p>O prazo para as defini\u00e7\u00f5es partid\u00e1rias serem protocoladas no Tribunal Regional Eleitoral (TRE) \u00e9 cinco de julho. No dia seguinte, seis de julho, fica liberada a campanha eleitoral.<\/p>\n<p><img decoding=\"async\" class=\"aligncenter\" alt=\"\u00d3TICA-ITAPUAN-BANNER1\" src=\"http:\/\/www.sudoestehoje.com.br\/novoportal\/wp-content\/uploads\/2014\/06\/%C3%93TICA-ITAPUAN-BANNER13.jpg\" \/><\/p>\n","protected":false},"excerpt":{"rendered":"<p>A chapa majorit\u00e1ria da oposi\u00e7\u00e3o baiana foi a S\u00e3o Paulo, neste s\u00e1bado, prestigiar a confirma\u00e7\u00e3o da candidatura aliada \u00e0 Presid\u00eancia da Rep\u00fablica do senador A\u00e9cio Neves, na Conven\u00e7\u00e3o Nacional do PSDB. Na pr\u00f3xima quarta-feira, a partir das 9h30min., no Espa\u00e7o Unique, na Av. Tancredo Neves, em Salvador, ser\u00e1 a vez de Paulo Souto, Joaci G\u00f3es [&hellip;]<\/p>\n","protected":false},"author":2,"featured_media":0,"comment_status":"open","ping_status":"open","sticky":false,"template":"","format":"standard","meta":{"footnotes":"","_links_to":"","_links_to_target":""},"categories":[1],"tags":[],"class_list":["post-38135","post","type-post","status-publish","format-standard","hentry","category-geral"],"views":1119,"_links":{"self":[{"href":"https:\/\/www.sudoestehoje.com.br\/novoportal\/wp-json\/wp\/v2\/posts\/38135","targetHints":{"allow":["GET"]}}],"collection":[{"href":"https:\/\/www.sudoestehoje.com.br\/novoportal\/wp-json\/wp\/v2\/posts"}],"about":[{"href":"https:\/\/www.sudoestehoje.com.br\/novoportal\/wp-json\/wp\/v2\/types\/post"}],"author":[{"embeddable":true,"href":"https:\/\/www.sudoestehoje.com.br\/novoportal\/wp-json\/wp\/v2\/users\/2"}],"replies":[{"embeddable":true,"href":"https:\/\/www.sudoestehoje.com.br\/novoportal\/wp-json\/wp\/v2\/comments?post=38135"}],"version-history":[{"count":2,"href":"https:\/\/www.sudoestehoje.com.br\/novoportal\/wp-json\/wp\/v2\/posts\/38135\/revisions"}],"predecessor-version":[{"id":38168,"href":"https:\/\/www.sudoestehoje.com.br\/novoportal\/wp-json\/wp\/v2\/posts\/38135\/revisions\/38168"}],"wp:attachment":[{"href":"https:\/\/www.sudoestehoje.com.br\/novoportal\/wp-json\/wp\/v2\/media?parent=38135"}],"wp:term":[{"taxonomy":"category","embeddable":true,"href":"https:\/\/www.sudoestehoje.com.br\/novoportal\/wp-json\/wp\/v2\/categories?post=38135"},{"taxonomy":"post_tag","embeddable":true,"href":"https:\/\/www.sudoestehoje.com.br\/novoportal\/wp-json\/wp\/v2\/tags?post=38135"}],"curies":[{"name":"wp","href":"https:\/\/api.w.org\/{rel}","templated":true}]}}