
{"id":38133,"date":"2014-06-14T21:31:02","date_gmt":"2014-06-15T00:31:02","guid":{"rendered":"http:\/\/www.sudoestehoje.com.br\/novoportal\/?p=38133"},"modified":"2014-06-14T21:31:02","modified_gmt":"2014-06-15T00:31:02","slug":"psdb-oficializa-candidatura-de-aecio-em-convencao-nacional","status":"publish","type":"post","link":"https:\/\/www.sudoestehoje.com.br\/novoportal\/2014\/06\/14\/psdb-oficializa-candidatura-de-aecio-em-convencao-nacional\/","title":{"rendered":"PSDB OFICIALIZA CANDIDATURA DE A\u00c9CIO EM CONVEN\u00c7\u00c3O NACIONAL"},"content":{"rendered":"<p><img decoding=\"async\" class=\"aligncenter\" alt=\"A\u00e9cio Neves e o ex-presidente Fernando Henrique Cardoso s\u00e3o vistos em Conven\u00e7\u00e3o Nacional do PSDB no Expo Center Norte em S\u00e3o Paulo, SP\" src=\"http:\/\/i0.statig.com.br\/bancodeimagens\/25\/uy\/m1\/25uym1u97zei4flvlwmqe08rf.jpg\" width=\"500\" \/><\/p>\n<p>O PSDB nacional aprovou hoje a candidatura do senador A\u00e9cio Neves \u00e0 Presid\u00eancia da Rep\u00fablica, em evento realizado em S\u00e3o Paulo que contou com a presen\u00e7a do ex-presidente Fernando Henrique Cardoso, do ex-governador paulista Jos\u00e9 Serra e do atual titular do Pal\u00e1cio dos Bandeirantes, Geraldo Alckmin. Foram 447 votos pela candidatura de A\u00e9cio, 3 votos brancos e 1 nulo.<\/p>\n<p>A conven\u00e7\u00e3o tamb\u00e9m deu poderes para a executiva nacional do partido referendar, nos pr\u00f3ximos dias, o nome escolhido por A\u00e9cio para ocupar a vaga de vice em sua chapa. Os dois nomes mais cotados s\u00e3o o senador Aloysio Nunes (PSDB-SP) e o ex-senador Tasso Jereissati (PSDB-CE).<\/p>\n","protected":false},"excerpt":{"rendered":"<p>O PSDB nacional aprovou hoje a candidatura do senador A\u00e9cio Neves \u00e0 Presid\u00eancia da Rep\u00fablica, em evento realizado em S\u00e3o Paulo que contou com a presen\u00e7a do ex-presidente Fernando Henrique Cardoso, do ex-governador paulista Jos\u00e9 Serra e do atual titular do Pal\u00e1cio dos Bandeirantes, Geraldo Alckmin. Foram 447 votos pela candidatura de A\u00e9cio, 3 votos [&hellip;]<\/p>\n","protected":false},"author":2,"featured_media":0,"comment_status":"open","ping_status":"open","sticky":false,"template":"","format":"standard","meta":{"footnotes":"","_links_to":"","_links_to_target":""},"categories":[1],"tags":[],"class_list":["post-38133","post","type-post","status-publish","format-standard","hentry","category-geral"],"views":1464,"_links":{"self":[{"href":"https:\/\/www.sudoestehoje.com.br\/novoportal\/wp-json\/wp\/v2\/posts\/38133","targetHints":{"allow":["GET"]}}],"collection":[{"href":"https:\/\/www.sudoestehoje.com.br\/novoportal\/wp-json\/wp\/v2\/posts"}],"about":[{"href":"https:\/\/www.sudoestehoje.com.br\/novoportal\/wp-json\/wp\/v2\/types\/post"}],"author":[{"embeddable":true,"href":"https:\/\/www.sudoestehoje.com.br\/novoportal\/wp-json\/wp\/v2\/users\/2"}],"replies":[{"embeddable":true,"href":"https:\/\/www.sudoestehoje.com.br\/novoportal\/wp-json\/wp\/v2\/comments?post=38133"}],"version-history":[{"count":1,"href":"https:\/\/www.sudoestehoje.com.br\/novoportal\/wp-json\/wp\/v2\/posts\/38133\/revisions"}],"predecessor-version":[{"id":38134,"href":"https:\/\/www.sudoestehoje.com.br\/novoportal\/wp-json\/wp\/v2\/posts\/38133\/revisions\/38134"}],"wp:attachment":[{"href":"https:\/\/www.sudoestehoje.com.br\/novoportal\/wp-json\/wp\/v2\/media?parent=38133"}],"wp:term":[{"taxonomy":"category","embeddable":true,"href":"https:\/\/www.sudoestehoje.com.br\/novoportal\/wp-json\/wp\/v2\/categories?post=38133"},{"taxonomy":"post_tag","embeddable":true,"href":"https:\/\/www.sudoestehoje.com.br\/novoportal\/wp-json\/wp\/v2\/tags?post=38133"}],"curies":[{"name":"wp","href":"https:\/\/api.w.org\/{rel}","templated":true}]}}