
{"id":38131,"date":"2014-06-14T14:25:42","date_gmt":"2014-06-14T17:25:42","guid":{"rendered":"http:\/\/www.sudoestehoje.com.br\/novoportal\/?p=38131"},"modified":"2014-06-14T14:25:42","modified_gmt":"2014-06-14T17:25:42","slug":"dilma-cai-de-35-para-34-e-ja-perde-para-aecio-e-campos-juntos","status":"publish","type":"post","link":"https:\/\/www.sudoestehoje.com.br\/novoportal\/2014\/06\/14\/dilma-cai-de-35-para-34-e-ja-perde-para-aecio-e-campos-juntos\/","title":{"rendered":"DILMA CAI DE 35% PARA 34% E J\u00c1 PERDE PARA A\u00c9CIO E CAMPOS JUNTOS"},"content":{"rendered":"<p><img decoding=\"async\" class=\"aligncenter\" alt=\"\" src=\"http:\/\/imagens.revoltabrasil.com.br\/2014\/04\/dilma-cai-nas-pesquisas-638x400.jpg\" width=\"500\" \/><\/p>\n<p>Pesquisa de inten\u00e7\u00e3o de voto a presidente, feita pelo instituto Sensus, e divulgada neste s\u00e1bado (14) pela revista <em>Isto \u00c9<\/em>, apontou queda de 1,4 ponto percentual da presidente Dilma Rousseff em rela\u00e7\u00e3o a A\u00e9cio Neves (PSDB) e Eduardo Campos (PSB).<\/p>\n<p>O cen\u00e1rio \u00e9 de estabilidade em rela\u00e7\u00e3o ao levantamento anterior, de abril, quando os entrevistados foram estimulados a escolher apenas entre os tr\u00eas principais candidatos.<\/p>\n<p>Na pesquisa recente, a inten\u00e7\u00e3o de voto da presidente est\u00e1 em 34% (contra 35% na pesquisa anterior). A\u00e9cio sobe menos de um ponto percentual, de 23,7% para 24,1%. O mesmo acontece com Campos (de 11% para 11,3%).<\/p>\n<p>A pesquisa Sensus foi realizada entre 26 de maio e 4 de junho, com 5 mil eleitores em 191 munic\u00edpios de 24 Estados do pa\u00eds. Informa\u00e7\u00f5es de O Valor.<\/p>\n","protected":false},"excerpt":{"rendered":"<p>Pesquisa de inten\u00e7\u00e3o de voto a presidente, feita pelo instituto Sensus, e divulgada neste s\u00e1bado (14) pela revista Isto \u00c9, apontou queda de 1,4 ponto percentual da presidente Dilma Rousseff em rela\u00e7\u00e3o a A\u00e9cio Neves (PSDB) e Eduardo Campos (PSB). O cen\u00e1rio \u00e9 de estabilidade em rela\u00e7\u00e3o ao levantamento anterior, de abril, quando os entrevistados [&hellip;]<\/p>\n","protected":false},"author":2,"featured_media":0,"comment_status":"open","ping_status":"open","sticky":false,"template":"","format":"standard","meta":{"footnotes":"","_links_to":"","_links_to_target":""},"categories":[1],"tags":[],"class_list":["post-38131","post","type-post","status-publish","format-standard","hentry","category-geral"],"views":1323,"_links":{"self":[{"href":"https:\/\/www.sudoestehoje.com.br\/novoportal\/wp-json\/wp\/v2\/posts\/38131","targetHints":{"allow":["GET"]}}],"collection":[{"href":"https:\/\/www.sudoestehoje.com.br\/novoportal\/wp-json\/wp\/v2\/posts"}],"about":[{"href":"https:\/\/www.sudoestehoje.com.br\/novoportal\/wp-json\/wp\/v2\/types\/post"}],"author":[{"embeddable":true,"href":"https:\/\/www.sudoestehoje.com.br\/novoportal\/wp-json\/wp\/v2\/users\/2"}],"replies":[{"embeddable":true,"href":"https:\/\/www.sudoestehoje.com.br\/novoportal\/wp-json\/wp\/v2\/comments?post=38131"}],"version-history":[{"count":1,"href":"https:\/\/www.sudoestehoje.com.br\/novoportal\/wp-json\/wp\/v2\/posts\/38131\/revisions"}],"predecessor-version":[{"id":38132,"href":"https:\/\/www.sudoestehoje.com.br\/novoportal\/wp-json\/wp\/v2\/posts\/38131\/revisions\/38132"}],"wp:attachment":[{"href":"https:\/\/www.sudoestehoje.com.br\/novoportal\/wp-json\/wp\/v2\/media?parent=38131"}],"wp:term":[{"taxonomy":"category","embeddable":true,"href":"https:\/\/www.sudoestehoje.com.br\/novoportal\/wp-json\/wp\/v2\/categories?post=38131"},{"taxonomy":"post_tag","embeddable":true,"href":"https:\/\/www.sudoestehoje.com.br\/novoportal\/wp-json\/wp\/v2\/tags?post=38131"}],"curies":[{"name":"wp","href":"https:\/\/api.w.org\/{rel}","templated":true}]}}