
{"id":38117,"date":"2014-06-14T22:41:10","date_gmt":"2014-06-15T01:41:10","guid":{"rendered":"http:\/\/www.sudoestehoje.com.br\/novoportal\/?p=38117"},"modified":"2014-06-15T09:44:14","modified_gmt":"2014-06-15T12:44:14","slug":"espaco-do-brega-light-e-um-show","status":"publish","type":"post","link":"https:\/\/www.sudoestehoje.com.br\/novoportal\/2014\/06\/14\/espaco-do-brega-light-e-um-show\/","title":{"rendered":"ESPA\u00c7O DO BREGA LIGHT \u00c9 UM SHOW"},"content":{"rendered":"<p><a href=\"http:\/\/www.sudoestehoje.com.br\/novoportal\/wp-content\/uploads\/2014\/06\/GEDC1001.jpg\"><img loading=\"lazy\" decoding=\"async\" class=\"aligncenter size-medium wp-image-38118\" alt=\"GEDSC DIGITAL CAMERA\" src=\"http:\/\/www.sudoestehoje.com.br\/novoportal\/wp-content\/uploads\/2014\/06\/GEDC1001-500x375.jpg\" width=\"500\" height=\"375\" srcset=\"https:\/\/www.sudoestehoje.com.br\/novoportal\/wp-content\/uploads\/2014\/06\/GEDC1001-500x375.jpg 500w, https:\/\/www.sudoestehoje.com.br\/novoportal\/wp-content\/uploads\/2014\/06\/GEDC1001.jpg 640w\" sizes=\"auto, (max-width: 500px) 100vw, 500px\" \/><\/a><\/p>\n<p>Na manh\u00e3 desta sexta-feira, acompanhamos o vereador Alfredo Cabral at\u00e9 a cidade de Ibicu\u00ed, numa visita ao espa\u00e7o de eventos do Brega Light, \u00a0uma das maiores festas juninas da Bahia e do Nordeste.<\/p>\n<p><a href=\"http:\/\/www.sudoestehoje.com.br\/novoportal\/wp-content\/uploads\/2014\/06\/GEDC0996.jpg\"><img loading=\"lazy\" decoding=\"async\" class=\"aligncenter size-medium wp-image-38119\" alt=\"GEDSC DIGITAL CAMERA\" src=\"http:\/\/www.sudoestehoje.com.br\/novoportal\/wp-content\/uploads\/2014\/06\/GEDC0996-500x375.jpg\" width=\"500\" height=\"375\" srcset=\"https:\/\/www.sudoestehoje.com.br\/novoportal\/wp-content\/uploads\/2014\/06\/GEDC0996-500x375.jpg 500w, https:\/\/www.sudoestehoje.com.br\/novoportal\/wp-content\/uploads\/2014\/06\/GEDC0996.jpg 640w\" sizes=\"auto, (max-width: 500px) 100vw, 500px\" \/><\/a><\/p>\n<p>Nossa reportagem percorreu todo o espa\u00e7o e verificou que o empres\u00e1rio Marcos Galv\u00e3o, filho do vereador Alfredo Cabral, investiu pesado na infra-estrutura do local, que agora est\u00e1 totalmente pavimentado com blocos de cimento, e grama, o que proporcionar\u00e1 mais conforto e seguran\u00e7a aos foli\u00f5es do Braga Light, durante a festa que ocorrer\u00e1 nos dias 21 e 23 de junho.<\/p>\n<p><a href=\"http:\/\/www.sudoestehoje.com.br\/novoportal\/wp-content\/uploads\/2014\/06\/GEDC1005.jpg\"><img loading=\"lazy\" decoding=\"async\" class=\"aligncenter size-medium wp-image-38120\" alt=\"GEDSC DIGITAL CAMERA\" src=\"http:\/\/www.sudoestehoje.com.br\/novoportal\/wp-content\/uploads\/2014\/06\/GEDC1005-500x375.jpg\" width=\"500\" height=\"375\" srcset=\"https:\/\/www.sudoestehoje.com.br\/novoportal\/wp-content\/uploads\/2014\/06\/GEDC1005-500x375.jpg 500w, https:\/\/www.sudoestehoje.com.br\/novoportal\/wp-content\/uploads\/2014\/06\/GEDC1005.jpg 640w\" sizes=\"auto, (max-width: 500px) 100vw, 500px\" \/><\/a><\/p>\n<p>Al\u00e9m do espa\u00e7o totalmente pavimentado, um lago foi constru\u00eddo ao lado da pista, podendo ser aproveitado como pesque-pague fora do per\u00edodo do evento, al\u00e9m de uma pista de vaquejada \u00a0que j\u00e1 est\u00e1 projetada, com obras em andamento.<\/p>\n<p>O espa\u00e7o de eventos do Brega Light fica na sa\u00edda de Ibicu\u00ed, ruma a vizinha cidade de Igua\u00ed, e a montagem da estrutura para a festa deste ano j\u00e1 est\u00e1 em andamento.<\/p>\n<p><strong><em>Por Davi Ferraz<\/em><\/strong><\/p>\n<p><img decoding=\"async\" class=\"aligncenter\" alt=\"\" src=\"http:\/\/www.adelsonmeira.com.br\/v1\/wp-content\/uploads\/2014\/04\/BregaLight-2014.jpg\" width=\"500\" \/><\/p>\n","protected":false},"excerpt":{"rendered":"<p>Na manh\u00e3 desta sexta-feira, acompanhamos o vereador Alfredo Cabral at\u00e9 a cidade de Ibicu\u00ed, numa visita ao espa\u00e7o de eventos do Brega Light, \u00a0uma das maiores festas juninas da Bahia e do Nordeste. Nossa reportagem percorreu todo o espa\u00e7o e verificou que o empres\u00e1rio Marcos Galv\u00e3o, filho do vereador Alfredo Cabral, investiu pesado na infra-estrutura [&hellip;]<\/p>\n","protected":false},"author":2,"featured_media":0,"comment_status":"open","ping_status":"open","sticky":false,"template":"","format":"standard","meta":{"footnotes":"","_links_to":"","_links_to_target":""},"categories":[1],"tags":[],"class_list":["post-38117","post","type-post","status-publish","format-standard","hentry","category-geral"],"views":4031,"_links":{"self":[{"href":"https:\/\/www.sudoestehoje.com.br\/novoportal\/wp-json\/wp\/v2\/posts\/38117","targetHints":{"allow":["GET"]}}],"collection":[{"href":"https:\/\/www.sudoestehoje.com.br\/novoportal\/wp-json\/wp\/v2\/posts"}],"about":[{"href":"https:\/\/www.sudoestehoje.com.br\/novoportal\/wp-json\/wp\/v2\/types\/post"}],"author":[{"embeddable":true,"href":"https:\/\/www.sudoestehoje.com.br\/novoportal\/wp-json\/wp\/v2\/users\/2"}],"replies":[{"embeddable":true,"href":"https:\/\/www.sudoestehoje.com.br\/novoportal\/wp-json\/wp\/v2\/comments?post=38117"}],"version-history":[{"count":6,"href":"https:\/\/www.sudoestehoje.com.br\/novoportal\/wp-json\/wp\/v2\/posts\/38117\/revisions"}],"predecessor-version":[{"id":38162,"href":"https:\/\/www.sudoestehoje.com.br\/novoportal\/wp-json\/wp\/v2\/posts\/38117\/revisions\/38162"}],"wp:attachment":[{"href":"https:\/\/www.sudoestehoje.com.br\/novoportal\/wp-json\/wp\/v2\/media?parent=38117"}],"wp:term":[{"taxonomy":"category","embeddable":true,"href":"https:\/\/www.sudoestehoje.com.br\/novoportal\/wp-json\/wp\/v2\/categories?post=38117"},{"taxonomy":"post_tag","embeddable":true,"href":"https:\/\/www.sudoestehoje.com.br\/novoportal\/wp-json\/wp\/v2\/tags?post=38117"}],"curies":[{"name":"wp","href":"https:\/\/api.w.org\/{rel}","templated":true}]}}