
{"id":38114,"date":"2014-06-14T00:07:04","date_gmt":"2014-06-14T03:07:04","guid":{"rendered":"http:\/\/www.sudoestehoje.com.br\/novoportal\/?p=38114"},"modified":"2014-06-14T09:13:21","modified_gmt":"2014-06-14T12:13:21","slug":"sandro-regis-cobra-explicacoes-da-chesf-sobre-barragem-de-jequie","status":"publish","type":"post","link":"https:\/\/www.sudoestehoje.com.br\/novoportal\/2014\/06\/14\/sandro-regis-cobra-explicacoes-da-chesf-sobre-barragem-de-jequie\/","title":{"rendered":"SANDRO R\u00c9GIS COBRA EXPLICA\u00c7\u00d5ES DA CHESF SOBRE BARRAGEM DE JEQUI\u00c9"},"content":{"rendered":"<p><img decoding=\"async\" class=\"aligncenter\" alt=\"\" src=\"http:\/\/www.politicalivre.com.br\/wp-content\/thumbgen_cache\/4ee972ef4d4b7d1901d9257663b5b41b.jpg\" width=\"500\" \/><\/p>\n<p>O deputado estadual Sandro R\u00e9gis encaminhou \u00e0 Assembleia Legislativa um requerimento cobrando explica\u00e7\u00f5es ao Presidente da CHESF (Companhia Hidro El\u00e9trica do S\u00e3o Francisco), Ant\u00f4nio Varej\u00e3o de Godoy, sobre as crescentes descargas de \u00e1gua represada na Barragem de Pedras no munic\u00edpio de Jequi\u00e9, localizado no sudoeste baiano.<\/p>\n<p><em>\u201cAs descargas de \u00e1gua represada da Barragem de Pedras em Jequi\u00e9, tem o seu volume aumentado acentuadamente, o que vem criando uma expectativa negativa entre as entidades representativas dos produtores de toda a regi\u00e3o de abrang\u00eancia da Barragem, qual seja, Jequi\u00e9, Manoel Vitorino, Marac\u00e1s, Iramaia, Lafaiete Coutinho e Lafaiete Coutinho. Temem os agricultores e com muita raz\u00e3o, que ocorra esse ano, o acontecido em 2009, quando a CHESF teve igual procedimento, que resultou em enormes preju\u00edzos para todos\u201d<\/em>, justificou o parlamentar.<\/p>\n<p><img decoding=\"async\" class=\"aligncenter\" alt=\"SERVLAR BANNER\" src=\"http:\/\/www.sudoestehoje.com.br\/novoportal\/wp-content\/uploads\/2014\/06\/SERVLAR-BANNER3-500x178.jpg\" \/><!--more--><\/p>\n<p>Neste m\u00eas de junho, representantes dos agricultores se dirigiram at\u00e9 a sede da empresa CHESF na Barragem de Pedras, em Jequi\u00e9 onde fizeram um protesto exigindo explica\u00e7\u00f5es acerca da eleva\u00e7\u00e3o na descarga da \u00e1gua represada.<\/p>\n<p><em>\u201cAs descargas que vinham acontecendo de 2,4 metros c\u00fabicos por segundo, aumentaram a partir de maio para 6,00 metros c\u00fabicos por segundo e se essa vaz\u00e3o continuar os preju\u00edzos ser\u00e3o incalcul\u00e1veis. Diante do exposto e no intuito de que seja promovido com a urg\u00eancia que o caso requer, respostas positivas aos justos reclamos dos agricultores, \u00e9 que indico \u00e0 Presid\u00eancia da Assembleia Legislativa da Bahia, para que junto \u00e0 Diretoria da CHESF, cobre explica\u00e7\u00f5es sobre a grave situa\u00e7\u00e3o exposta\u201d<\/em>, enfatizou R\u00e9gis.<\/p>\n","protected":false},"excerpt":{"rendered":"<p>O deputado estadual Sandro R\u00e9gis encaminhou \u00e0 Assembleia Legislativa um requerimento cobrando explica\u00e7\u00f5es ao Presidente da CHESF (Companhia Hidro El\u00e9trica do S\u00e3o Francisco), Ant\u00f4nio Varej\u00e3o de Godoy, sobre as crescentes descargas de \u00e1gua represada na Barragem de Pedras no munic\u00edpio de Jequi\u00e9, localizado no sudoeste baiano. \u201cAs descargas de \u00e1gua represada da Barragem de Pedras [&hellip;]<\/p>\n","protected":false},"author":2,"featured_media":0,"comment_status":"open","ping_status":"open","sticky":false,"template":"","format":"standard","meta":{"footnotes":"","_links_to":"","_links_to_target":""},"categories":[1],"tags":[],"class_list":["post-38114","post","type-post","status-publish","format-standard","hentry","category-geral"],"views":1161,"_links":{"self":[{"href":"https:\/\/www.sudoestehoje.com.br\/novoportal\/wp-json\/wp\/v2\/posts\/38114","targetHints":{"allow":["GET"]}}],"collection":[{"href":"https:\/\/www.sudoestehoje.com.br\/novoportal\/wp-json\/wp\/v2\/posts"}],"about":[{"href":"https:\/\/www.sudoestehoje.com.br\/novoportal\/wp-json\/wp\/v2\/types\/post"}],"author":[{"embeddable":true,"href":"https:\/\/www.sudoestehoje.com.br\/novoportal\/wp-json\/wp\/v2\/users\/2"}],"replies":[{"embeddable":true,"href":"https:\/\/www.sudoestehoje.com.br\/novoportal\/wp-json\/wp\/v2\/comments?post=38114"}],"version-history":[{"count":4,"href":"https:\/\/www.sudoestehoje.com.br\/novoportal\/wp-json\/wp\/v2\/posts\/38114\/revisions"}],"predecessor-version":[{"id":38127,"href":"https:\/\/www.sudoestehoje.com.br\/novoportal\/wp-json\/wp\/v2\/posts\/38114\/revisions\/38127"}],"wp:attachment":[{"href":"https:\/\/www.sudoestehoje.com.br\/novoportal\/wp-json\/wp\/v2\/media?parent=38114"}],"wp:term":[{"taxonomy":"category","embeddable":true,"href":"https:\/\/www.sudoestehoje.com.br\/novoportal\/wp-json\/wp\/v2\/categories?post=38114"},{"taxonomy":"post_tag","embeddable":true,"href":"https:\/\/www.sudoestehoje.com.br\/novoportal\/wp-json\/wp\/v2\/tags?post=38114"}],"curies":[{"name":"wp","href":"https:\/\/api.w.org\/{rel}","templated":true}]}}