
{"id":38112,"date":"2014-06-13T23:51:18","date_gmt":"2014-06-14T02:51:18","guid":{"rendered":"http:\/\/www.sudoestehoje.com.br\/novoportal\/?p=38112"},"modified":"2014-06-14T09:11:38","modified_gmt":"2014-06-14T12:11:38","slug":"eleicoes-paulo-souto-pode-contar-com-apoio-de-19-partidos","status":"publish","type":"post","link":"https:\/\/www.sudoestehoje.com.br\/novoportal\/2014\/06\/13\/eleicoes-paulo-souto-pode-contar-com-apoio-de-19-partidos\/","title":{"rendered":"ELEI\u00c7\u00d5ES: PAULO SOUTO PODE CONTAR COM APOIO DE 19 PARTIDOS"},"content":{"rendered":"<p><img decoding=\"async\" class=\"aligncenter\" alt=\"\" src=\"http:\/\/www.panoticias.com.br\/wp-content\/uploads\/2014\/04\/paulo-souto-em-vitoria2.jpg\" width=\"500\" \/><\/p>\n<p>A menos de uma semana da conven\u00e7\u00e3o para as elei\u00e7\u00f5es estaduais, o pr\u00e9-candidato da ala oposicionista ao governo do estado Paulo Souto (DEM) acena para a possibilidade de ter o maior tempo de televis\u00e3o, durante a propaganda gratuita, com a chegada de mais partidos para a sua coliga\u00e7\u00e3o.\u00a0A chance foi ventilada pelo prefeito ACM Neto (DEM), apontado como principal articulador da oposi\u00e7\u00e3o para a disputa, em recentes encontros partid\u00e1rios e com a imprensa.<\/p>\n<p>At\u00e9 o momento, al\u00e9m do DEM, PSDB e PMDB, est\u00e3o com o democrata PV, PPS, PTN, PROS, SDD, PHS, PRP, PSDC, PTdoB, PPL, PTC, PMN e PEN, que totalizam 16 partidos. Por\u00e9m, h\u00e1 expectativa de que mais tr\u00eas integrem a corrente, completando 19 legendas. Caso a articula\u00e7\u00e3o seja concretizada, o democrata conquistar\u00e1 mais espa\u00e7o no hor\u00e1rio pol\u00edtico.<\/p>\n<p>Est\u00e3o na mira de Souto, o PRB, o PSC e o PR. Os dois primeiros aparecem no topo das probabilidades para aderirem ao bloco da oposi\u00e7\u00e3o, faltando apenas alguns ajustes. Ambos comp\u00f5em a base de sustenta\u00e7\u00e3o pol\u00edtica do governador Jaques Wagner (PT) e era esperada a alian\u00e7a com o pr\u00e9-candidato Rui Costa (PT). Mas, \u00faltimas movimenta\u00e7\u00f5es de bastidores demonstram o contr\u00e1rio.<\/p>\n<p>Nos corredores da pol\u00edtica, h\u00e1 informa\u00e7\u00f5es de que o PR do ministro dos Transportes, C\u00e9sar Borges, tamb\u00e9m estaria sendo assediado pelo grupo e j\u00e1 haveria sinalizado a tend\u00eancia de se aliar a Souto. O impasse seria o posicionamento de Borges, considerada a maior lideran\u00e7a em solo baiano e que hoje tem uma rela\u00e7\u00e3o de proximidade maior com os petistas pela titularidade do Minist\u00e9rio. Informa\u00e7\u00f5es da Tribuna da Bahia.<\/p>\n<p><a href=\"http:\/\/www.sudoestehoje.com.br\/novoportal\/wp-content\/uploads\/2014\/06\/\u00d3TICA-ITAPUAN-BANNER13.jpg\"><img loading=\"lazy\" decoding=\"async\" class=\"aligncenter size-full wp-image-38124\" alt=\"\u00d3TICA-ITAPUAN-BANNER1\" src=\"http:\/\/www.sudoestehoje.com.br\/novoportal\/wp-content\/uploads\/2014\/06\/\u00d3TICA-ITAPUAN-BANNER13.jpg\" width=\"500\" height=\"179\" \/><\/a><\/p>\n","protected":false},"excerpt":{"rendered":"<p>A menos de uma semana da conven\u00e7\u00e3o para as elei\u00e7\u00f5es estaduais, o pr\u00e9-candidato da ala oposicionista ao governo do estado Paulo Souto (DEM) acena para a possibilidade de ter o maior tempo de televis\u00e3o, durante a propaganda gratuita, com a chegada de mais partidos para a sua coliga\u00e7\u00e3o.\u00a0A chance foi ventilada pelo prefeito ACM Neto [&hellip;]<\/p>\n","protected":false},"author":2,"featured_media":0,"comment_status":"open","ping_status":"open","sticky":false,"template":"","format":"standard","meta":{"footnotes":"","_links_to":"","_links_to_target":""},"categories":[1],"tags":[],"class_list":["post-38112","post","type-post","status-publish","format-standard","hentry","category-geral"],"views":1168,"_links":{"self":[{"href":"https:\/\/www.sudoestehoje.com.br\/novoportal\/wp-json\/wp\/v2\/posts\/38112","targetHints":{"allow":["GET"]}}],"collection":[{"href":"https:\/\/www.sudoestehoje.com.br\/novoportal\/wp-json\/wp\/v2\/posts"}],"about":[{"href":"https:\/\/www.sudoestehoje.com.br\/novoportal\/wp-json\/wp\/v2\/types\/post"}],"author":[{"embeddable":true,"href":"https:\/\/www.sudoestehoje.com.br\/novoportal\/wp-json\/wp\/v2\/users\/2"}],"replies":[{"embeddable":true,"href":"https:\/\/www.sudoestehoje.com.br\/novoportal\/wp-json\/wp\/v2\/comments?post=38112"}],"version-history":[{"count":2,"href":"https:\/\/www.sudoestehoje.com.br\/novoportal\/wp-json\/wp\/v2\/posts\/38112\/revisions"}],"predecessor-version":[{"id":38125,"href":"https:\/\/www.sudoestehoje.com.br\/novoportal\/wp-json\/wp\/v2\/posts\/38112\/revisions\/38125"}],"wp:attachment":[{"href":"https:\/\/www.sudoestehoje.com.br\/novoportal\/wp-json\/wp\/v2\/media?parent=38112"}],"wp:term":[{"taxonomy":"category","embeddable":true,"href":"https:\/\/www.sudoestehoje.com.br\/novoportal\/wp-json\/wp\/v2\/categories?post=38112"},{"taxonomy":"post_tag","embeddable":true,"href":"https:\/\/www.sudoestehoje.com.br\/novoportal\/wp-json\/wp\/v2\/tags?post=38112"}],"curies":[{"name":"wp","href":"https:\/\/api.w.org\/{rel}","templated":true}]}}