
{"id":38110,"date":"2014-06-13T22:51:40","date_gmt":"2014-06-14T01:51:40","guid":{"rendered":"http:\/\/www.sudoestehoje.com.br\/novoportal\/?p=38110"},"modified":"2014-06-14T09:14:37","modified_gmt":"2014-06-14T12:14:37","slug":"convencao-do-psb-oficializa-chapa-ao-governo-e-senado-neste-sabado","status":"publish","type":"post","link":"https:\/\/www.sudoestehoje.com.br\/novoportal\/2014\/06\/13\/convencao-do-psb-oficializa-chapa-ao-governo-e-senado-neste-sabado\/","title":{"rendered":"CONVEN\u00c7\u00c3O DO PSB OFICIALIZA CHAPA AO GOVERNO E SENADO NESTE S\u00c1BADO"},"content":{"rendered":"<p><img decoding=\"async\" class=\"aligncenter\" alt=\"\" src=\"http:\/\/www.blogdogusmao.com.br\/v1\/wp-content\/uploads\/L%C3%ADdice-Campos-Marina-Eliana.jpg\" width=\"500\" \/><\/p>\n<p>O PSB da Bahia realiza neste s\u00e1bado (14) a conven\u00e7\u00e3o que ir\u00e1 oficializar os nomes das candidatas L\u00eddice da Mata e Eliana Calmon, que concorrer\u00e3o ao governo e senado, respectivamente. O evento acontecer\u00e1 das 9 \u00e0s 17h, no Bahia Caf\u00e9 Hall, na Avenida Paralela, em Salvador.<\/p>\n<p>O pr\u00e9-candidato \u00e0 Presid\u00eancia da Rep\u00fablica, Eduardo Campos, e sua vice, Marina Silva, confirmaram presen\u00e7a no ato pol\u00edtico at\u00e9 \u00e0s 11h. Durante o evento tamb\u00e9m ser\u00e3o confirmados os nomes dos candidatos a chapa proporcional, que disputam vagas para Assembleia Legislativa e C\u00e2mara Federal.<\/p>\n<p><img decoding=\"async\" class=\"aligncenter\" alt=\"CDL - CAMPANHA\" src=\"http:\/\/www.sudoestehoje.com.br\/novoportal\/wp-content\/uploads\/2014\/06\/CDL-CAMPANHA-500x184.png\" \/><\/p>\n","protected":false},"excerpt":{"rendered":"<p>O PSB da Bahia realiza neste s\u00e1bado (14) a conven\u00e7\u00e3o que ir\u00e1 oficializar os nomes das candidatas L\u00eddice da Mata e Eliana Calmon, que concorrer\u00e3o ao governo e senado, respectivamente. O evento acontecer\u00e1 das 9 \u00e0s 17h, no Bahia Caf\u00e9 Hall, na Avenida Paralela, em Salvador. O pr\u00e9-candidato \u00e0 Presid\u00eancia da Rep\u00fablica, Eduardo Campos, e [&hellip;]<\/p>\n","protected":false},"author":2,"featured_media":0,"comment_status":"open","ping_status":"open","sticky":false,"template":"","format":"standard","meta":{"footnotes":"","_links_to":"","_links_to_target":""},"categories":[1],"tags":[],"class_list":["post-38110","post","type-post","status-publish","format-standard","hentry","category-geral"],"views":1092,"_links":{"self":[{"href":"https:\/\/www.sudoestehoje.com.br\/novoportal\/wp-json\/wp\/v2\/posts\/38110","targetHints":{"allow":["GET"]}}],"collection":[{"href":"https:\/\/www.sudoestehoje.com.br\/novoportal\/wp-json\/wp\/v2\/posts"}],"about":[{"href":"https:\/\/www.sudoestehoje.com.br\/novoportal\/wp-json\/wp\/v2\/types\/post"}],"author":[{"embeddable":true,"href":"https:\/\/www.sudoestehoje.com.br\/novoportal\/wp-json\/wp\/v2\/users\/2"}],"replies":[{"embeddable":true,"href":"https:\/\/www.sudoestehoje.com.br\/novoportal\/wp-json\/wp\/v2\/comments?post=38110"}],"version-history":[{"count":2,"href":"https:\/\/www.sudoestehoje.com.br\/novoportal\/wp-json\/wp\/v2\/posts\/38110\/revisions"}],"predecessor-version":[{"id":38128,"href":"https:\/\/www.sudoestehoje.com.br\/novoportal\/wp-json\/wp\/v2\/posts\/38110\/revisions\/38128"}],"wp:attachment":[{"href":"https:\/\/www.sudoestehoje.com.br\/novoportal\/wp-json\/wp\/v2\/media?parent=38110"}],"wp:term":[{"taxonomy":"category","embeddable":true,"href":"https:\/\/www.sudoestehoje.com.br\/novoportal\/wp-json\/wp\/v2\/categories?post=38110"},{"taxonomy":"post_tag","embeddable":true,"href":"https:\/\/www.sudoestehoje.com.br\/novoportal\/wp-json\/wp\/v2\/tags?post=38110"}],"curies":[{"name":"wp","href":"https:\/\/api.w.org\/{rel}","templated":true}]}}