
{"id":38101,"date":"2014-06-12T23:32:00","date_gmt":"2014-06-13T02:32:00","guid":{"rendered":"http:\/\/www.sudoestehoje.com.br\/novoportal\/?p=38101"},"modified":"2014-06-12T23:32:00","modified_gmt":"2014-06-13T02:32:00","slug":"dilma-e-xingada-no-itaquerao","status":"publish","type":"post","link":"https:\/\/www.sudoestehoje.com.br\/novoportal\/2014\/06\/12\/dilma-e-xingada-no-itaquerao\/","title":{"rendered":"DILMA \u00c9 XINGADA NO ITAQUER\u00c3O"},"content":{"rendered":"<p><img decoding=\"async\" class=\"aligncenter\" alt=\"\" src=\"http:\/\/2.bp.blogspot.com\/-rAmcZcnrB4Q\/U5oD5XLA_qI\/AAAAAAABW84\/77RfSXxXDnE\/s1600\/vaia2.jpg\" width=\"500\" \/><\/p>\n<p id=\"yui_3_16_0_1_1402626353044_993\">Logo ap\u00f3s o t\u00e9rmino da cerim\u00f4nia de abertura de Copa do Mundo, a presidente Dilma Rousseff foi xingada por uma parte dos torcedores presentes nas arquibancadas do Itaquer\u00e3o, est\u00e1dio na capital paulista que receber\u00e1 o jogo entre Brasil e Cro\u00e1cia a partir das 17 horas desta quinta-feira.<\/p>\n<p>Temendo vaias do p\u00fablico, assim como aconteceu na abertura da Copa das Confedera\u00e7\u00f5es, no ano passado, em Bras\u00edlia, Dilma evitou fazer um discurso ou mesmo um pronunciamento oficial para declarar a abertura da Copa do Mundo. Mesmo assim, ela n\u00e3o escapou das cr\u00edticas dos torcedores nesta quinta-feira no Itaquer\u00e3o.<\/p>\n<p>Assim que acabou a cerim\u00f4nia art\u00edstica no gramado do Itaquer\u00e3o, torcedores puxaram um coro com xingamentos a Dilma, que ganhou for\u00e7a nas arquibancadas. O grito se confundiu com ofensas \u00e0 Fifa.<\/p>\n<p>O coro maci\u00e7o tomou conta do est\u00e1dio por cerca de tr\u00eas minutos, at\u00e9 que parte das arquibancadas entoou novo grito, o tradicional &#8220;Eu sou brasileiro, com muito orgulho, com muito amor&#8221;, que abafou as ofensas.<\/p>\n<p>Dilma chegou ao est\u00e1dio por volta das 14h45, de forma discreta, junto com o presidente da Fifa, Joseph Blatter. E, ao lado de outros chefes de Estado, vai assistir ao jogo entre Brasil e Cro\u00e1cia das tribunas do Itaquer\u00e3o.<\/p>\n","protected":false},"excerpt":{"rendered":"<p>Logo ap\u00f3s o t\u00e9rmino da cerim\u00f4nia de abertura de Copa do Mundo, a presidente Dilma Rousseff foi xingada por uma parte dos torcedores presentes nas arquibancadas do Itaquer\u00e3o, est\u00e1dio na capital paulista que receber\u00e1 o jogo entre Brasil e Cro\u00e1cia a partir das 17 horas desta quinta-feira. Temendo vaias do p\u00fablico, assim como aconteceu na [&hellip;]<\/p>\n","protected":false},"author":2,"featured_media":0,"comment_status":"open","ping_status":"open","sticky":false,"template":"","format":"standard","meta":{"footnotes":"","_links_to":"","_links_to_target":""},"categories":[1],"tags":[],"class_list":["post-38101","post","type-post","status-publish","format-standard","hentry","category-geral"],"views":1245,"_links":{"self":[{"href":"https:\/\/www.sudoestehoje.com.br\/novoportal\/wp-json\/wp\/v2\/posts\/38101","targetHints":{"allow":["GET"]}}],"collection":[{"href":"https:\/\/www.sudoestehoje.com.br\/novoportal\/wp-json\/wp\/v2\/posts"}],"about":[{"href":"https:\/\/www.sudoestehoje.com.br\/novoportal\/wp-json\/wp\/v2\/types\/post"}],"author":[{"embeddable":true,"href":"https:\/\/www.sudoestehoje.com.br\/novoportal\/wp-json\/wp\/v2\/users\/2"}],"replies":[{"embeddable":true,"href":"https:\/\/www.sudoestehoje.com.br\/novoportal\/wp-json\/wp\/v2\/comments?post=38101"}],"version-history":[{"count":1,"href":"https:\/\/www.sudoestehoje.com.br\/novoportal\/wp-json\/wp\/v2\/posts\/38101\/revisions"}],"predecessor-version":[{"id":38102,"href":"https:\/\/www.sudoestehoje.com.br\/novoportal\/wp-json\/wp\/v2\/posts\/38101\/revisions\/38102"}],"wp:attachment":[{"href":"https:\/\/www.sudoestehoje.com.br\/novoportal\/wp-json\/wp\/v2\/media?parent=38101"}],"wp:term":[{"taxonomy":"category","embeddable":true,"href":"https:\/\/www.sudoestehoje.com.br\/novoportal\/wp-json\/wp\/v2\/categories?post=38101"},{"taxonomy":"post_tag","embeddable":true,"href":"https:\/\/www.sudoestehoje.com.br\/novoportal\/wp-json\/wp\/v2\/tags?post=38101"}],"curies":[{"name":"wp","href":"https:\/\/api.w.org\/{rel}","templated":true}]}}