
{"id":38093,"date":"2014-06-12T20:07:23","date_gmt":"2014-06-12T23:07:23","guid":{"rendered":"http:\/\/www.sudoestehoje.com.br\/novoportal\/?p=38093"},"modified":"2014-06-12T20:41:16","modified_gmt":"2014-06-12T23:41:16","slug":"copa-brasil-supera-o-nervosismo-e-vence-a-croacia-por-3-x-1","status":"publish","type":"post","link":"https:\/\/www.sudoestehoje.com.br\/novoportal\/2014\/06\/12\/copa-brasil-supera-o-nervosismo-e-vence-a-croacia-por-3-x-1\/","title":{"rendered":"COPA: BRASIL SUPERA O NERVOSISMO E VENCE A CRO\u00c1CIA POR 3 X 1"},"content":{"rendered":"<p><img decoding=\"async\" class=\"aligncenter\" alt=\"Jogadores do Brasil comemoram a vit\u00f3ria sobre a Cro\u00e1cia no jogo de estreia da Copa do Mundo, no Itaquer\u00e3o em S\u00e3o Paulo\" src=\"http:\/\/veja4.abrilm.com.br\/assets\/images\/2014\/6\/228222\/segundo-gol-brasil-01-size-598.jpg?1402611140\" width=\"500\" \/><\/p>\n<p>O primeiro jogo da Copa do Mundo no\u00a0<a href=\"https:\/\/br.esporteinterativo.yahoo.com\/futebol\/selecoes\/brasil\" data-rapid_p=\"6\">Brasil<\/a>teve choro de emo\u00e7\u00e3o, raiva dos dois times em campo, gol contra, p\u00eanalti pol\u00eamico e, principalmente,\u00a0<a href=\"https:\/\/br.esporteinterativo.yahoo.com\/futebol\/jogadores\/neymar\" data-rapid_p=\"7\">Neymar<\/a>. O camisa 10 fez dois gols na vit\u00f3ria de virada por 3 a 1 sobre a<a id=\"yui_3_16_0_1_1402612916543_885\" href=\"https:\/\/br.esporteinterativo.yahoo.com\/futebol\/selecoes\/cro%C3%A1cia\" data-rapid_p=\"8\">Cro\u00e1cia<\/a>\u00a0que fez a Sele\u00e7\u00e3o superar gol contra de\u00a0<a href=\"https:\/\/br.esporteinterativo.yahoo.com\/futebol\/jogadores\/marcelo\" data-rapid_p=\"9\">Marcelo<\/a>\u00a0e vencer de virada.<\/p>\n<p id=\"yui_3_16_0_1_1402612916543_909\">A sensa\u00e7\u00e3o final da partida foi de al\u00edvio gra\u00e7as ao astro do Barcelona. Tudo porque a equipe de Luiz Felipe Scolari n\u00e3o conseguiu controlar a emo\u00e7\u00e3o e come\u00e7ou o Mundial errando demais. O pior deles ocorreu aos dez minutos do primeiro tempo, quando Daniel Alves deixou seu setor totalmente livre para Olic cruzar e Marcelo marcar gol contra.<\/p>\n<p><img decoding=\"async\" class=\"aligncenter\" alt=\"Neymar cruza a bola na \u00e1rea da Cro\u00e1cia, no Itaquer\u00e3o em S\u00e3o Paulo'\" src=\"http:\/\/veja0.abrilm.com.br\/assets\/images\/2014\/6\/228198\/SELECAO-jogo-brasil-groacia-IVAN-08-size-598.jpg?1402606460\" width=\"500\" \/><\/p>\n<p id=\"yui_3_16_0_1_1402612916543_911\"><a href=\"https:\/\/br.esporteinterativo.yahoo.com\/futebol\/jogadores\/oscar-374584\" data-rapid_p=\"14\">Oscar<\/a>, ent\u00e3o, apareceu no jogo e venceu divididas para dar a Neymar a bola que o astro chutou para empatar, aos 29 minutos do primeiro tempo, dando chance de o time controlar os nervos. O que n\u00e3o foi poss\u00edvel para os croatas, que tiveram um segundo tempo cheio de reclama\u00e7\u00f5es contra o \u00e1rbitro.<\/p>\n<p id=\"yui_3_16_0_1_1402612916543_916\">Aos 23 minutos, Fred caiu na \u00e1rea ao ser tocado por Lovren e foi marcado p\u00eanalti, intensamente contestado pelos europeus. Mas Neymar converteu e ainda vibrou quando o japon\u00eas Yuichi Nishimura tamb\u00e9m viu falta de Olic em J\u00falio C\u00e9sar para anular o gol de Perisic, que seria o de empate, aos 37. Aos 45, Oscar fechou a conta.<\/p>\n<p><img decoding=\"async\" class=\"aligncenter\" alt=\"\" src=\"https:\/\/fbcdn-sphotos-h-a.akamaihd.net\/hphotos-ak-xpf1\/t1.0-9\/10426693_927666430581753_98757223708327126_n.jpg\" width=\"500\" \/><\/p>\n<p id=\"yui_3_16_0_1_1402612916543_918\">Contesta\u00e7\u00f5es \u00e0 parte, o Brasil come\u00e7a o Mundial com tr\u00eas pontos e buscar\u00e1 outros tr\u00eas diante do\u00a0<a href=\"https:\/\/br.esporteinterativo.yahoo.com\/futebol\/selecoes\/m%C3%A9xico\" data-rapid_p=\"15\">M\u00e9xico<\/a>, \u00e0s 16 horas (de Bras\u00edlia) de ter\u00e7a-feira, no Castel\u00e3o, em Fortaleza. A Cro\u00e1cia tenta somar pontos diante de\u00a0<a href=\"https:\/\/br.esporteinterativo.yahoo.com\/futebol\/selecoes\/camar%C3%B5es\" data-rapid_p=\"16\">Camar\u00f5es<\/a>, na quarta-feira, \u00e0s 18 horas, em Manaus.<\/p>\n","protected":false},"excerpt":{"rendered":"<p>O primeiro jogo da Copa do Mundo no\u00a0Brasilteve choro de emo\u00e7\u00e3o, raiva dos dois times em campo, gol contra, p\u00eanalti pol\u00eamico e, principalmente,\u00a0Neymar. O camisa 10 fez dois gols na vit\u00f3ria de virada por 3 a 1 sobre aCro\u00e1cia\u00a0que fez a Sele\u00e7\u00e3o superar gol contra de\u00a0Marcelo\u00a0e vencer de virada. A sensa\u00e7\u00e3o final da partida foi [&hellip;]<\/p>\n","protected":false},"author":2,"featured_media":0,"comment_status":"open","ping_status":"open","sticky":false,"template":"","format":"standard","meta":{"footnotes":"","_links_to":"","_links_to_target":""},"categories":[1],"tags":[],"class_list":["post-38093","post","type-post","status-publish","format-standard","hentry","category-geral"],"views":1563,"_links":{"self":[{"href":"https:\/\/www.sudoestehoje.com.br\/novoportal\/wp-json\/wp\/v2\/posts\/38093","targetHints":{"allow":["GET"]}}],"collection":[{"href":"https:\/\/www.sudoestehoje.com.br\/novoportal\/wp-json\/wp\/v2\/posts"}],"about":[{"href":"https:\/\/www.sudoestehoje.com.br\/novoportal\/wp-json\/wp\/v2\/types\/post"}],"author":[{"embeddable":true,"href":"https:\/\/www.sudoestehoje.com.br\/novoportal\/wp-json\/wp\/v2\/users\/2"}],"replies":[{"embeddable":true,"href":"https:\/\/www.sudoestehoje.com.br\/novoportal\/wp-json\/wp\/v2\/comments?post=38093"}],"version-history":[{"count":4,"href":"https:\/\/www.sudoestehoje.com.br\/novoportal\/wp-json\/wp\/v2\/posts\/38093\/revisions"}],"predecessor-version":[{"id":38100,"href":"https:\/\/www.sudoestehoje.com.br\/novoportal\/wp-json\/wp\/v2\/posts\/38093\/revisions\/38100"}],"wp:attachment":[{"href":"https:\/\/www.sudoestehoje.com.br\/novoportal\/wp-json\/wp\/v2\/media?parent=38093"}],"wp:term":[{"taxonomy":"category","embeddable":true,"href":"https:\/\/www.sudoestehoje.com.br\/novoportal\/wp-json\/wp\/v2\/categories?post=38093"},{"taxonomy":"post_tag","embeddable":true,"href":"https:\/\/www.sudoestehoje.com.br\/novoportal\/wp-json\/wp\/v2\/tags?post=38093"}],"curies":[{"name":"wp","href":"https:\/\/api.w.org\/{rel}","templated":true}]}}