
{"id":38086,"date":"2014-06-12T16:54:16","date_gmt":"2014-06-12T19:54:16","guid":{"rendered":"http:\/\/www.sudoestehoje.com.br\/novoportal\/?p=38086"},"modified":"2014-06-12T16:55:20","modified_gmt":"2014-06-12T19:55:20","slug":"ingressos-individuais-e-muitas-novidades-no-brega-light-2014","status":"publish","type":"post","link":"https:\/\/www.sudoestehoje.com.br\/novoportal\/2014\/06\/12\/ingressos-individuais-e-muitas-novidades-no-brega-light-2014\/","title":{"rendered":"INGRESSOS INDIVIDUAIS E MUITAS NOVIDADES NO BREGA LIGHT-2014"},"content":{"rendered":"<div id=\"attachment_38087\" style=\"width: 510px\" class=\"wp-caption aligncenter\"><a href=\"http:\/\/www.sudoestehoje.com.br\/novoportal\/wp-content\/uploads\/2014\/06\/Marcos_Galv\u00e3o_em_entrevista_\u00e0_Rede_Globo._FOTO_-_ASCOM-_Brega_Light.jpg\"><img loading=\"lazy\" decoding=\"async\" aria-describedby=\"caption-attachment-38087\" class=\"size-medium wp-image-38087\" alt=\"Marcos Galv\u00e3o em entrevista \u00e0 Rede Globo, anunciando as novidades do Brega Light 2014.\" src=\"http:\/\/www.sudoestehoje.com.br\/novoportal\/wp-content\/uploads\/2014\/06\/Marcos_Galv\u00e3o_em_entrevista_\u00e0_Rede_Globo._FOTO_-_ASCOM-_Brega_Light-500x375.jpg\" width=\"500\" height=\"375\" srcset=\"https:\/\/www.sudoestehoje.com.br\/novoportal\/wp-content\/uploads\/2014\/06\/Marcos_Galv\u00e3o_em_entrevista_\u00e0_Rede_Globo._FOTO_-_ASCOM-_Brega_Light-500x375.jpg 500w, https:\/\/www.sudoestehoje.com.br\/novoportal\/wp-content\/uploads\/2014\/06\/Marcos_Galv\u00e3o_em_entrevista_\u00e0_Rede_Globo._FOTO_-_ASCOM-_Brega_Light-700x525.jpg 700w, https:\/\/www.sudoestehoje.com.br\/novoportal\/wp-content\/uploads\/2014\/06\/Marcos_Galv\u00e3o_em_entrevista_\u00e0_Rede_Globo._FOTO_-_ASCOM-_Brega_Light.jpg 816w\" sizes=\"auto, (max-width: 500px) 100vw, 500px\" \/><\/a><p id=\"caption-attachment-38087\" class=\"wp-caption-text\">Marcos Galv\u00e3o em entrevista \u00e0 Rede Globo, anunciando as novidades do Brega Light 2014. Foto Ascom<\/p><\/div>\n<p>O Brega Light deu in\u00edcio nessa semana \u00e0 venda dos ingressos individuais para as duas edi\u00e7\u00f5es \u2013 21 e 23\/06 \u2013 do evento em 2014. Os Pontos de Venda espalhados pelas cidades de Salvador, Vit\u00f3ria da Conquista, Itabuna, Ilh\u00e9us, Ibicu\u00ed, Itapetinga, Jequi\u00e9, Eun\u00e1polis, Po\u00e7\u00f5es, Barreiras, Igua\u00ed, Itoror\u00f3 e Ibicara\u00ed j\u00e1 receberam os ingressos que agora s\u00e3o vendidos pelos valores de R$ 140 (21\/06) e R$ 130 (23\/06).<\/p>\n<p>O Passaporte que inicialmente foi comercializado por um valor promocional teve suas \u00faltimas unidades esgotadas no \u00faltimo domingo (8). Para 2014 o Brega Light est\u00e1 chegando com a mistura de ritmos que j\u00e1 \u00e9 marca registrada do evento: Avi\u00f5es do Forr\u00f3, Gusttavo Lima, Harmonia do Samba, Psirico, Bell Marques, Trio da Huanna, Cangaia de Jegue, Filhos de Jorge, Lux\u00faria e Oito7Nove4 ser\u00e3o os respons\u00e1veis por animar os foli\u00f5es.<!--more--><\/p>\n<p><b>Estrutura<\/b><\/p>\n<p>Para 2014, o Espa\u00e7o de Eventos Brega Light recebeu uma melhoria em sua estrutura. Foi realizada uma obra no piso do local que a partir de agora ser\u00e1 de concreto, proporcionando assim um maior conforto a todo o p\u00fablico que vem dos quatro cantos do pa\u00eds para o Maior Brega do Mundo no S\u00e3o Jo\u00e3o de Ibicu\u00ed.<\/p>\n<p>No dia 23 de junho, data em que ser\u00e1 realizada a Edi\u00e7\u00e3o Especial de Copa com Open Bar de \u00e1gua, cerveja e refrigerante, haver\u00e1 transmiss\u00e3o em tel\u00e3o do \u00faltimo jogo do Brasil na fase de grupos da Copa do Mundo, onde os comandados de Felip\u00e3o ir\u00e3o enfrentar a sele\u00e7\u00e3o de Camar\u00f5es no Est\u00e1dio Nacional de Bras\u00edlia. \u201cA gente sempre busca a irrever\u00eancia e a alegria. O nosso p\u00fablico j\u00e1 vem pra c\u00e1 com a inten\u00e7\u00e3o de se divertir e com certeza n\u00e3o vai ser diferente esse ano\u201d, lembrou garantiu Marcos Galv\u00e3o, empres\u00e1rio e produtor do Brega Light e da Contato Produ\u00e7\u00e3o de Eventos.<\/p>\n<p><b>Brega Light 2014<\/b><\/p>\n<p>Onde &#8211; Espa\u00e7o de Eventos Brega Light, Ibicu\u00ed-BA;<\/p>\n<p>Quando \u2013 Dias 21 e 23 de Junho;<\/p>\n<p>Hor\u00e1rio \u2013 A partir das 14h no dia 21\/06 e 13h no dia 23\/06;<\/p>\n<p>Ingressos Individuais \u2013 Dia 21\/06 = R$ 140,00 | Dia 23\/06 R$ 130,00 com direito a open bar de cerveja, refrigerante e \u00e1gua;<\/p>\n<p>Atra\u00e7\u00f5es &#8211; Avi\u00f5es do Forr\u00f3, Bell Marques, Gusttavo Lima, Harmonia do Samba, Psirico, Trio da Huanna, Cangaia de Jegue, Filhos de Jorge, Lux\u00faria e Oito7Nove4.<\/p>\n","protected":false},"excerpt":{"rendered":"<p>O Brega Light deu in\u00edcio nessa semana \u00e0 venda dos ingressos individuais para as duas edi\u00e7\u00f5es \u2013 21 e 23\/06 \u2013 do evento em 2014. Os Pontos de Venda espalhados pelas cidades de Salvador, Vit\u00f3ria da Conquista, Itabuna, Ilh\u00e9us, Ibicu\u00ed, Itapetinga, Jequi\u00e9, Eun\u00e1polis, Po\u00e7\u00f5es, Barreiras, Igua\u00ed, Itoror\u00f3 e Ibicara\u00ed j\u00e1 receberam os ingressos que agora [&hellip;]<\/p>\n","protected":false},"author":2,"featured_media":0,"comment_status":"open","ping_status":"open","sticky":false,"template":"","format":"standard","meta":{"footnotes":"","_links_to":"","_links_to_target":""},"categories":[1],"tags":[],"class_list":["post-38086","post","type-post","status-publish","format-standard","hentry","category-geral"],"views":2579,"_links":{"self":[{"href":"https:\/\/www.sudoestehoje.com.br\/novoportal\/wp-json\/wp\/v2\/posts\/38086","targetHints":{"allow":["GET"]}}],"collection":[{"href":"https:\/\/www.sudoestehoje.com.br\/novoportal\/wp-json\/wp\/v2\/posts"}],"about":[{"href":"https:\/\/www.sudoestehoje.com.br\/novoportal\/wp-json\/wp\/v2\/types\/post"}],"author":[{"embeddable":true,"href":"https:\/\/www.sudoestehoje.com.br\/novoportal\/wp-json\/wp\/v2\/users\/2"}],"replies":[{"embeddable":true,"href":"https:\/\/www.sudoestehoje.com.br\/novoportal\/wp-json\/wp\/v2\/comments?post=38086"}],"version-history":[{"count":2,"href":"https:\/\/www.sudoestehoje.com.br\/novoportal\/wp-json\/wp\/v2\/posts\/38086\/revisions"}],"predecessor-version":[{"id":38089,"href":"https:\/\/www.sudoestehoje.com.br\/novoportal\/wp-json\/wp\/v2\/posts\/38086\/revisions\/38089"}],"wp:attachment":[{"href":"https:\/\/www.sudoestehoje.com.br\/novoportal\/wp-json\/wp\/v2\/media?parent=38086"}],"wp:term":[{"taxonomy":"category","embeddable":true,"href":"https:\/\/www.sudoestehoje.com.br\/novoportal\/wp-json\/wp\/v2\/categories?post=38086"},{"taxonomy":"post_tag","embeddable":true,"href":"https:\/\/www.sudoestehoje.com.br\/novoportal\/wp-json\/wp\/v2\/tags?post=38086"}],"curies":[{"name":"wp","href":"https:\/\/api.w.org\/{rel}","templated":true}]}}