
{"id":38072,"date":"2014-06-12T15:57:33","date_gmt":"2014-06-12T18:57:33","guid":{"rendered":"http:\/\/www.sudoestehoje.com.br\/novoportal\/?p=38072"},"modified":"2014-06-12T15:57:33","modified_gmt":"2014-06-12T18:57:33","slug":"calendario-dos-trabalhadores-da-azaleia-durante-a-copa","status":"publish","type":"post","link":"https:\/\/www.sudoestehoje.com.br\/novoportal\/2014\/06\/12\/calendario-dos-trabalhadores-da-azaleia-durante-a-copa\/","title":{"rendered":"CALEND\u00c1RIO DOS TRABALHADORES DA AZALEIA DURANTE A COPA"},"content":{"rendered":"<p><img decoding=\"async\" class=\"alignleft\" alt=\"\" src=\"http:\/\/www.sudoestehoje.com.br\/novoportal\/wp-content\/uploads\/2014\/04\/logon-sindicato.jpg\" \/><\/p>\n<p>O Sindverdade informa que os trabalhadores da empresa Vulcabr\u00e1sAzal\u00e9ia decidiram sobre as trocas dos dias de trabalho, no per\u00edodo da primeira fase e eventual oitavas de final da Copa 2014 e S\u00e3o Jo\u00e3o, sendo o calend\u00e1rio:<\/p>\n<p>* os trabalhadores ir\u00e3o folgar no dia 12\/06\/2014 e em compensa\u00e7\u00e3o trabalhar\u00e3o no dia 02\/07\/2014;<\/p>\n<p>* os trabalhadores ir\u00e3o folgar no dia 17\/06\/2014 em troca do dia do feriado do dia do sapateiro (feriado conquistado pelo Sindverdade);<\/p>\n<p>Observa\u00e7\u00e3o: este feriado seria concedido em um dia a ser escolhido dentre os meses de outubro, novembro ou dezembro e n\u00e3o poderia recair num s\u00e1bado ou domingo.<\/p>\n<p>* os trabalhadores ir\u00e3o folgar no dia 23\/06\/2014 e em compensa\u00e7\u00e3o trabalhar\u00e3o no dia 19\/06\/2014;<\/p>\n<p>* os trabalhadores que trabalham aos s\u00e1bados ir\u00e3o folgar no dia 28\/06\/2014 <span style=\"text-decoration: underline;\">(se ocorrer jogo da sele\u00e7\u00e3o neste dia)<\/span> e em compensa\u00e7\u00e3o trabalhar\u00e3o no dia 15\/11\/2014.<\/p>\n<p>Em caso de eventual classifica\u00e7\u00e3o da Sele\u00e7\u00e3o do Brasil para as quartas de finais, semifinais e finais, os trabalhadores ser\u00e3o novamente consultados para as trocas. O calend\u00e1rio mostra a vontade da maioria dos trabalhadores, o que \u00e9 aceita pelo Sindverdade. Ascom<\/p>\n","protected":false},"excerpt":{"rendered":"<p>O Sindverdade informa que os trabalhadores da empresa Vulcabr\u00e1sAzal\u00e9ia decidiram sobre as trocas dos dias de trabalho, no per\u00edodo da primeira fase e eventual oitavas de final da Copa 2014 e S\u00e3o Jo\u00e3o, sendo o calend\u00e1rio: * os trabalhadores ir\u00e3o folgar no dia 12\/06\/2014 e em compensa\u00e7\u00e3o trabalhar\u00e3o no dia 02\/07\/2014; * os trabalhadores ir\u00e3o [&hellip;]<\/p>\n","protected":false},"author":2,"featured_media":0,"comment_status":"open","ping_status":"open","sticky":false,"template":"","format":"standard","meta":{"footnotes":"","_links_to":"","_links_to_target":""},"categories":[1],"tags":[],"class_list":["post-38072","post","type-post","status-publish","format-standard","hentry","category-geral"],"views":1034,"_links":{"self":[{"href":"https:\/\/www.sudoestehoje.com.br\/novoportal\/wp-json\/wp\/v2\/posts\/38072","targetHints":{"allow":["GET"]}}],"collection":[{"href":"https:\/\/www.sudoestehoje.com.br\/novoportal\/wp-json\/wp\/v2\/posts"}],"about":[{"href":"https:\/\/www.sudoestehoje.com.br\/novoportal\/wp-json\/wp\/v2\/types\/post"}],"author":[{"embeddable":true,"href":"https:\/\/www.sudoestehoje.com.br\/novoportal\/wp-json\/wp\/v2\/users\/2"}],"replies":[{"embeddable":true,"href":"https:\/\/www.sudoestehoje.com.br\/novoportal\/wp-json\/wp\/v2\/comments?post=38072"}],"version-history":[{"count":2,"href":"https:\/\/www.sudoestehoje.com.br\/novoportal\/wp-json\/wp\/v2\/posts\/38072\/revisions"}],"predecessor-version":[{"id":38074,"href":"https:\/\/www.sudoestehoje.com.br\/novoportal\/wp-json\/wp\/v2\/posts\/38072\/revisions\/38074"}],"wp:attachment":[{"href":"https:\/\/www.sudoestehoje.com.br\/novoportal\/wp-json\/wp\/v2\/media?parent=38072"}],"wp:term":[{"taxonomy":"category","embeddable":true,"href":"https:\/\/www.sudoestehoje.com.br\/novoportal\/wp-json\/wp\/v2\/categories?post=38072"},{"taxonomy":"post_tag","embeddable":true,"href":"https:\/\/www.sudoestehoje.com.br\/novoportal\/wp-json\/wp\/v2\/tags?post=38072"}],"curies":[{"name":"wp","href":"https:\/\/api.w.org\/{rel}","templated":true}]}}