
{"id":38065,"date":"2014-06-11T14:43:28","date_gmt":"2014-06-11T17:43:28","guid":{"rendered":"http:\/\/www.sudoestehoje.com.br\/novoportal\/?p=38065"},"modified":"2014-06-11T14:45:16","modified_gmt":"2014-06-11T17:45:16","slug":"itororo-contas-de-adroaldo-sao-reprovadas-pela-camara-municipal","status":"publish","type":"post","link":"https:\/\/www.sudoestehoje.com.br\/novoportal\/2014\/06\/11\/itororo-contas-de-adroaldo-sao-reprovadas-pela-camara-municipal\/","title":{"rendered":"ITOROR\u00d3: CONTAS DE ADROALDO S\u00c3O REPROVADAS PELA C\u00c2MARA MUNICIPAL"},"content":{"rendered":"<p><img decoding=\"async\" class=\"aligncenter\" alt=\"\" src=\"http:\/\/www.itororohoje.com\/elieneAdm\/imagens\/5397a81e068a2.jpg\" width=\"500\" \/><\/p>\n<p>Como havia anunciado na \u00faltima sess\u00e3o da C\u00e2mara de Vereadores de Itoror\u00f3, o presidente da casa, vereador Biduinha, colocou em vota\u00e7\u00e3o as contas do exerc\u00edcio de 2009 do ex-gestor Adroaldo Almeida (PT), na noite desta ter\u00e7a-feira (10).<\/p>\n<p>Por 7 votos a 4, o ex-gestor petista teve as contas rejeitadas pela C\u00e2mara Municipal, resultado que j\u00e1 era esperado, j\u00e1 que a oposi\u00e7\u00e3o \u00e9 minoria na Casa Legislativa.\u00a0O presidente Biduinha informou tamb\u00e9m que ser\u00e3o votadas, ainda neste m\u00eas de junho, as contas referentes ao exerc\u00edcio de 2012.<\/p>\n<p>A decis\u00e3o da C\u00e2mara Municipal acompanhou o Parecer Pr\u00e9vio do Tribunal de Contas dos Munic\u00edpios &#8211; TCM, que recomendou a rejei\u00e7\u00e3o das contas do ex-gestor, por in\u00fameras irregularidades, dentre elas os gastos exagerados na concess\u00e3o de di\u00e1rias, licita\u00e7\u00f5es fraudulentas e contratos superfaturados. Com informa\u00e7\u00f5es do\u00a0Itoror\u00f3 Hoje<\/p>\n<p><img decoding=\"async\" class=\"aligncenter\" alt=\"CDL - CAMPANHA\" src=\"http:\/\/www.sudoestehoje.com.br\/novoportal\/wp-content\/uploads\/2014\/06\/CDL-CAMPANHA-500x184.png\" \/><\/p>\n","protected":false},"excerpt":{"rendered":"<p>Como havia anunciado na \u00faltima sess\u00e3o da C\u00e2mara de Vereadores de Itoror\u00f3, o presidente da casa, vereador Biduinha, colocou em vota\u00e7\u00e3o as contas do exerc\u00edcio de 2009 do ex-gestor Adroaldo Almeida (PT), na noite desta ter\u00e7a-feira (10). Por 7 votos a 4, o ex-gestor petista teve as contas rejeitadas pela C\u00e2mara Municipal, resultado que j\u00e1 [&hellip;]<\/p>\n","protected":false},"author":2,"featured_media":0,"comment_status":"open","ping_status":"open","sticky":false,"template":"","format":"standard","meta":{"footnotes":"","_links_to":"","_links_to_target":""},"categories":[1],"tags":[],"class_list":["post-38065","post","type-post","status-publish","format-standard","hentry","category-geral"],"views":1240,"_links":{"self":[{"href":"https:\/\/www.sudoestehoje.com.br\/novoportal\/wp-json\/wp\/v2\/posts\/38065","targetHints":{"allow":["GET"]}}],"collection":[{"href":"https:\/\/www.sudoestehoje.com.br\/novoportal\/wp-json\/wp\/v2\/posts"}],"about":[{"href":"https:\/\/www.sudoestehoje.com.br\/novoportal\/wp-json\/wp\/v2\/types\/post"}],"author":[{"embeddable":true,"href":"https:\/\/www.sudoestehoje.com.br\/novoportal\/wp-json\/wp\/v2\/users\/2"}],"replies":[{"embeddable":true,"href":"https:\/\/www.sudoestehoje.com.br\/novoportal\/wp-json\/wp\/v2\/comments?post=38065"}],"version-history":[{"count":3,"href":"https:\/\/www.sudoestehoje.com.br\/novoportal\/wp-json\/wp\/v2\/posts\/38065\/revisions"}],"predecessor-version":[{"id":38068,"href":"https:\/\/www.sudoestehoje.com.br\/novoportal\/wp-json\/wp\/v2\/posts\/38065\/revisions\/38068"}],"wp:attachment":[{"href":"https:\/\/www.sudoestehoje.com.br\/novoportal\/wp-json\/wp\/v2\/media?parent=38065"}],"wp:term":[{"taxonomy":"category","embeddable":true,"href":"https:\/\/www.sudoestehoje.com.br\/novoportal\/wp-json\/wp\/v2\/categories?post=38065"},{"taxonomy":"post_tag","embeddable":true,"href":"https:\/\/www.sudoestehoje.com.br\/novoportal\/wp-json\/wp\/v2\/tags?post=38065"}],"curies":[{"name":"wp","href":"https:\/\/api.w.org\/{rel}","templated":true}]}}