
{"id":38059,"date":"2014-06-11T13:39:17","date_gmt":"2014-06-11T16:39:17","guid":{"rendered":"http:\/\/www.sudoestehoje.com.br\/novoportal\/?p=38059"},"modified":"2014-06-11T13:48:09","modified_gmt":"2014-06-11T16:48:09","slug":"ibicarai-filho-de-gerente-do-banco-do-brasil-e-sequestrado","status":"publish","type":"post","link":"https:\/\/www.sudoestehoje.com.br\/novoportal\/2014\/06\/11\/ibicarai-filho-de-gerente-do-banco-do-brasil-e-sequestrado\/","title":{"rendered":"IBICARA\u00cd: FILHO DE GERENTE DO BANCO DO BRASIL \u00c9 SEQUESTRADO"},"content":{"rendered":"<p><img loading=\"lazy\" decoding=\"async\" class=\"aligncenter\" alt=\"Populares se aglomeraram em frente \u00e0 ag\u00eancia (Foto Arena).\" src=\"http:\/\/www.pimenta.blog.br\/wp-content\/uploads\/BB-Ibicara%C3%AD-arena-blog.jpg\" width=\"500\" height=\"375\" \/><\/p>\n<p>Um garoto de apenas 7 anos de idade foi sequestrado, ontem \u00e0 noite, em Ibicara\u00ed, quando a m\u00e3e sa\u00eda de uma academia e foi rendida por tr\u00eas homens fortemente aramados. A mulher, que \u00e9 gerente do banco do Brasil em Ibicara\u00ed, foi levada pelos bandidos. Os sequestradores exigiram que a gerente fosse hoje cedo sacar todo dinheiro da ag\u00eancia sem falar nada com ningu\u00e9m.<\/p>\n<p>Algumas pessoas perceberam a movimenta\u00e7\u00e3o e acionaram a pol\u00edcia, que conseguiu frustrar o pagamento do resgate. Hoje cedo, a crian\u00e7a foi abandonada em Ibitup\u00e3, pr\u00f3ximo a Igua\u00ed, no centro-sul do estado, e est\u00e1 retornando para Ibicara\u00ed. Os sequestradores fugiram tomando rumo ainda ignorado.<\/p>\n<p>A Cipe Cacaueira, pol\u00edcia militar \u00a0especializada em conjunto com as pol\u00edcia rodovi\u00e1ria federal e estadual, al\u00e9m de policiais civis est\u00e3o neste momento em dilig\u00eancia na tentativa de capturar os sequestradores.<\/p>\n<p><img decoding=\"async\" class=\"aligncenter\" alt=\"mirante 2\" src=\"http:\/\/www.sudoestehoje.com.br\/novoportal\/wp-content\/uploads\/2014\/06\/mirante-2-500x184.jpg\" \/><\/p>\n","protected":false},"excerpt":{"rendered":"<p>Um garoto de apenas 7 anos de idade foi sequestrado, ontem \u00e0 noite, em Ibicara\u00ed, quando a m\u00e3e sa\u00eda de uma academia e foi rendida por tr\u00eas homens fortemente aramados. A mulher, que \u00e9 gerente do banco do Brasil em Ibicara\u00ed, foi levada pelos bandidos. Os sequestradores exigiram que a gerente fosse hoje cedo sacar [&hellip;]<\/p>\n","protected":false},"author":2,"featured_media":0,"comment_status":"open","ping_status":"open","sticky":false,"template":"","format":"standard","meta":{"footnotes":"","_links_to":"","_links_to_target":""},"categories":[1],"tags":[],"class_list":["post-38059","post","type-post","status-publish","format-standard","hentry","category-geral"],"views":1245,"_links":{"self":[{"href":"https:\/\/www.sudoestehoje.com.br\/novoportal\/wp-json\/wp\/v2\/posts\/38059","targetHints":{"allow":["GET"]}}],"collection":[{"href":"https:\/\/www.sudoestehoje.com.br\/novoportal\/wp-json\/wp\/v2\/posts"}],"about":[{"href":"https:\/\/www.sudoestehoje.com.br\/novoportal\/wp-json\/wp\/v2\/types\/post"}],"author":[{"embeddable":true,"href":"https:\/\/www.sudoestehoje.com.br\/novoportal\/wp-json\/wp\/v2\/users\/2"}],"replies":[{"embeddable":true,"href":"https:\/\/www.sudoestehoje.com.br\/novoportal\/wp-json\/wp\/v2\/comments?post=38059"}],"version-history":[{"count":3,"href":"https:\/\/www.sudoestehoje.com.br\/novoportal\/wp-json\/wp\/v2\/posts\/38059\/revisions"}],"predecessor-version":[{"id":38062,"href":"https:\/\/www.sudoestehoje.com.br\/novoportal\/wp-json\/wp\/v2\/posts\/38059\/revisions\/38062"}],"wp:attachment":[{"href":"https:\/\/www.sudoestehoje.com.br\/novoportal\/wp-json\/wp\/v2\/media?parent=38059"}],"wp:term":[{"taxonomy":"category","embeddable":true,"href":"https:\/\/www.sudoestehoje.com.br\/novoportal\/wp-json\/wp\/v2\/categories?post=38059"},{"taxonomy":"post_tag","embeddable":true,"href":"https:\/\/www.sudoestehoje.com.br\/novoportal\/wp-json\/wp\/v2\/tags?post=38059"}],"curies":[{"name":"wp","href":"https:\/\/api.w.org\/{rel}","templated":true}]}}