
{"id":38054,"date":"2014-06-11T13:07:44","date_gmt":"2014-06-11T16:07:44","guid":{"rendered":"http:\/\/www.sudoestehoje.com.br\/novoportal\/?p=38054"},"modified":"2014-06-11T13:52:06","modified_gmt":"2014-06-11T16:52:06","slug":"ibope-mostra-dilma-com-38-aecio-com-22-e-campos-com-13","status":"publish","type":"post","link":"https:\/\/www.sudoestehoje.com.br\/novoportal\/2014\/06\/11\/ibope-mostra-dilma-com-38-aecio-com-22-e-campos-com-13\/","title":{"rendered":"IBOPE MOSTRA DILMA COM 38%, A\u00c9CIO COM 22% E CAMPOS COM 13%"},"content":{"rendered":"<p><img decoding=\"async\" class=\"aligncenter\" alt=\"\" src=\"http:\/\/180graus.com\/imagens\/portal\/dilma-primeiro-1-300x250e.jpg\" width=\"500\" \/><\/p>\n<p>Uma pesquisa feita pelo Instituto Ibope a pedido da Uni\u00e3o dos Vereadores do Estado de S\u00e3o Paulo (Uvesp) foi divulgada nesta ter\u00e7a-feira e mostra a presidente Dilma Rousseff com 38% das inten\u00e7\u00f5es de voto, o senador A\u00e9cio Neves (PSDB) com 22% e o ex-governador Eduardo Campos (PSB) com 13%. Dilma oscilou dois pontos percentuais para menos em compara\u00e7\u00e3o ao levantamento anterior do Ibope, realizado em maio. A\u00e9cio e Campos oscilaram dois pontos para mais.<\/p>\n<p>O dado in\u00e9dito que a pesquisa traz \u00e9 o peso do apoio dos vices para as candidaturas. A situa\u00e7\u00e3o de Dilma e A\u00e9cio pouco muda, segundo o levantamento. No caso do tucano, que ainda n\u00e3o definiu o vice, tr\u00eas nomes foram testados &#8211; o senador Aloysio Nunes Ferreira, o ex-senador Tasso Jereissati e o ex-governador Jos\u00e9 Serra.<\/p>\n<p>J\u00e1 Campos, quando o nome da vice Marina Silva \u00e9 citado, v\u00ea sua inten\u00e7\u00e3o de voto subir para 17%, quatro pontos a mais do que na sondagem sem a ex-senadora.<\/p>\n<p>Os votos brancos e nulos passaram de 24% em maio para 20% na pesquisa divulgada nesta noite.<\/p>\n<p>No segundo turno, Dilma continua vencendo, mas com uma vantagem menor. No cen\u00e1rio com A\u00e9cio, ela teria 42% e ele 33%. Em maio, eram 43% a 24%.\u00a0Com Campos, ela aparece com 41% e ele 30%. Na sondagem anterior, eram 42% a 22%.<\/p>\n<p>A pesquisa foi realizada entre os dias 4 e 7 deste m\u00eas com 2.002 entrevistados no pa\u00eds. A margem de erro \u00e9 de dois pontos percentuais.<\/p>\n<p><img decoding=\"async\" class=\"aligncenter\" alt=\"Turmalina 1\" src=\"http:\/\/www.sudoestehoje.com.br\/novoportal\/wp-content\/uploads\/2014\/06\/Turmalina-11-500x166.jpg\" \/><\/p>\n","protected":false},"excerpt":{"rendered":"<p>Uma pesquisa feita pelo Instituto Ibope a pedido da Uni\u00e3o dos Vereadores do Estado de S\u00e3o Paulo (Uvesp) foi divulgada nesta ter\u00e7a-feira e mostra a presidente Dilma Rousseff com 38% das inten\u00e7\u00f5es de voto, o senador A\u00e9cio Neves (PSDB) com 22% e o ex-governador Eduardo Campos (PSB) com 13%. Dilma oscilou dois pontos percentuais para [&hellip;]<\/p>\n","protected":false},"author":2,"featured_media":0,"comment_status":"open","ping_status":"open","sticky":false,"template":"","format":"standard","meta":{"footnotes":"","_links_to":"","_links_to_target":""},"categories":[1],"tags":[],"class_list":["post-38054","post","type-post","status-publish","format-standard","hentry","category-geral"],"views":1157,"_links":{"self":[{"href":"https:\/\/www.sudoestehoje.com.br\/novoportal\/wp-json\/wp\/v2\/posts\/38054","targetHints":{"allow":["GET"]}}],"collection":[{"href":"https:\/\/www.sudoestehoje.com.br\/novoportal\/wp-json\/wp\/v2\/posts"}],"about":[{"href":"https:\/\/www.sudoestehoje.com.br\/novoportal\/wp-json\/wp\/v2\/types\/post"}],"author":[{"embeddable":true,"href":"https:\/\/www.sudoestehoje.com.br\/novoportal\/wp-json\/wp\/v2\/users\/2"}],"replies":[{"embeddable":true,"href":"https:\/\/www.sudoestehoje.com.br\/novoportal\/wp-json\/wp\/v2\/comments?post=38054"}],"version-history":[{"count":6,"href":"https:\/\/www.sudoestehoje.com.br\/novoportal\/wp-json\/wp\/v2\/posts\/38054\/revisions"}],"predecessor-version":[{"id":38064,"href":"https:\/\/www.sudoestehoje.com.br\/novoportal\/wp-json\/wp\/v2\/posts\/38054\/revisions\/38064"}],"wp:attachment":[{"href":"https:\/\/www.sudoestehoje.com.br\/novoportal\/wp-json\/wp\/v2\/media?parent=38054"}],"wp:term":[{"taxonomy":"category","embeddable":true,"href":"https:\/\/www.sudoestehoje.com.br\/novoportal\/wp-json\/wp\/v2\/categories?post=38054"},{"taxonomy":"post_tag","embeddable":true,"href":"https:\/\/www.sudoestehoje.com.br\/novoportal\/wp-json\/wp\/v2\/tags?post=38054"}],"curies":[{"name":"wp","href":"https:\/\/api.w.org\/{rel}","templated":true}]}}