
{"id":3805,"date":"2011-03-11T21:34:07","date_gmt":"2011-03-12T00:34:07","guid":{"rendered":"http:\/\/www.sudoestehoje.com.br\/novoportal\/?p=3805"},"modified":"2011-03-11T21:34:07","modified_gmt":"2011-03-12T00:34:07","slug":"conquista-celebra-glauber-rocha","status":"publish","type":"post","link":"https:\/\/www.sudoestehoje.com.br\/novoportal\/2011\/03\/11\/conquista-celebra-glauber-rocha\/","title":{"rendered":"CONQUISTA CELEBRA GLAUBER ROCHA"},"content":{"rendered":"<p style=\"text-align: center;\"><img loading=\"lazy\" decoding=\"async\" class=\"aligncenter\" src=\"http:\/\/melnotacho.files.wordpress.com\/2010\/05\/glauber_rocha__latas_b.jpg\" alt=\"\" width=\"350\" height=\"220\" \/><br \/>\n\u00a0<\/p>\n<p>A partir de 14 de mar\u00e7o, a cidade de Vit\u00f3ria da Conquista promove eventos em homenagem ao cineasta Glauber Rocha, filho da terra. A 4\u00aa Semana Glauber e a 1\u00aa Semana do Audiovisual de Vit\u00f3ria da Conquista (SEDA) t\u00eam o objetivo de rememorar o trabalho do conquistense e fomentar a discuss\u00e3o sobre pol\u00edticas alternativas para a produ\u00e7\u00e3o audiovisual.<\/p>\n<p>A programa\u00e7\u00e3o do SEDA contar\u00e1 com mesas redondas, exibi\u00e7\u00f5es de filmes, oficinas e mostras tem\u00e1ticas. Entre os convidados, professores da Uesb, diretores e produtores do cen\u00e1rio audiovisual nacional, al\u00e9m da participa\u00e7\u00e3o de representantes do Clube de Cinema Fora do Eixo e da Associa\u00e7\u00e3o Baiana de Cinema e V\u00eddeo (ABCV). J\u00e1 a Semana Glauber Rocha ter\u00e1 apenas exibi\u00e7\u00f5es de filmes. BN<\/p>\n","protected":false},"excerpt":{"rendered":"<p>\u00a0 A partir de 14 de mar\u00e7o, a cidade de Vit\u00f3ria da Conquista promove eventos em homenagem ao cineasta Glauber Rocha, filho da terra. A 4\u00aa Semana Glauber e a 1\u00aa Semana do Audiovisual de Vit\u00f3ria da Conquista (SEDA) t\u00eam o objetivo de rememorar o trabalho do conquistense e fomentar a discuss\u00e3o sobre pol\u00edticas alternativas [&hellip;]<\/p>\n","protected":false},"author":2,"featured_media":0,"comment_status":"open","ping_status":"open","sticky":false,"template":"","format":"standard","meta":{"footnotes":"","_links_to":"","_links_to_target":""},"categories":[1],"tags":[],"class_list":["post-3805","post","type-post","status-publish","format-standard","hentry","category-geral"],"views":1234,"_links":{"self":[{"href":"https:\/\/www.sudoestehoje.com.br\/novoportal\/wp-json\/wp\/v2\/posts\/3805","targetHints":{"allow":["GET"]}}],"collection":[{"href":"https:\/\/www.sudoestehoje.com.br\/novoportal\/wp-json\/wp\/v2\/posts"}],"about":[{"href":"https:\/\/www.sudoestehoje.com.br\/novoportal\/wp-json\/wp\/v2\/types\/post"}],"author":[{"embeddable":true,"href":"https:\/\/www.sudoestehoje.com.br\/novoportal\/wp-json\/wp\/v2\/users\/2"}],"replies":[{"embeddable":true,"href":"https:\/\/www.sudoestehoje.com.br\/novoportal\/wp-json\/wp\/v2\/comments?post=3805"}],"version-history":[{"count":2,"href":"https:\/\/www.sudoestehoje.com.br\/novoportal\/wp-json\/wp\/v2\/posts\/3805\/revisions"}],"predecessor-version":[{"id":3807,"href":"https:\/\/www.sudoestehoje.com.br\/novoportal\/wp-json\/wp\/v2\/posts\/3805\/revisions\/3807"}],"wp:attachment":[{"href":"https:\/\/www.sudoestehoje.com.br\/novoportal\/wp-json\/wp\/v2\/media?parent=3805"}],"wp:term":[{"taxonomy":"category","embeddable":true,"href":"https:\/\/www.sudoestehoje.com.br\/novoportal\/wp-json\/wp\/v2\/categories?post=3805"},{"taxonomy":"post_tag","embeddable":true,"href":"https:\/\/www.sudoestehoje.com.br\/novoportal\/wp-json\/wp\/v2\/tags?post=3805"}],"curies":[{"name":"wp","href":"https:\/\/api.w.org\/{rel}","templated":true}]}}