
{"id":38048,"date":"2014-06-11T12:11:47","date_gmt":"2014-06-11T15:11:47","guid":{"rendered":"http:\/\/www.sudoestehoje.com.br\/novoportal\/?p=38048"},"modified":"2014-06-11T12:19:00","modified_gmt":"2014-06-11T15:19:00","slug":"rachado-pmdb-aprova-apoio-a-reeleicao-de-dilma-e-michel-temer","status":"publish","type":"post","link":"https:\/\/www.sudoestehoje.com.br\/novoportal\/2014\/06\/11\/rachado-pmdb-aprova-apoio-a-reeleicao-de-dilma-e-michel-temer\/","title":{"rendered":"RACHADO, PMDB APROVA APOIO \u00c0 REELEI\u00c7\u00c3O DE DILMA E MICHEL TEMER"},"content":{"rendered":"<p><img decoding=\"async\" class=\"aligncenter\" alt=\"PMDB aprova chapa Dilma-Temer em vota\u00e7\u00e3o concorrida\" src=\"http:\/\/www.bahianoticias.com.br\/fotos\/principal_noticias\/155633\/xIMAGEM_NOTICIA_5.jpg.pagespeed.ic.rorGb8YEwE.jpg\" width=\"500\" \/><\/p>\n<p>O PMDB aprovou o apoio \u00e0 reelei\u00e7\u00e3o da presidente Dilma Rousseff em conven\u00e7\u00e3o nacional realizada nesta ter\u00e7a-feira (10), com 398 votos favor\u00e1veis (69,7%) a 275 contr\u00e1rios (30,3%). Apesar do resultado, a vota\u00e7\u00e3o foi concorrida,\u00a0<a href=\"http:\/\/www.bahianoticias.com.br\/noticia\/155599-039-nao-tenho-palpite-nem-para-copa-do-mundo-039-diz-geddel-sobre-alianca-pmdb-pt.html\" target=\"_blank\"><strong>como previu o pr\u00e9-candidato ao Senado na chapa das oposi\u00e7\u00f5es, o peemedebista Geddel Vieira Lima<\/strong><\/a>. Em 2010, a alian\u00e7a foi referendada por 84% dos correligion\u00e1rios.<\/p>\n<p>Firmada a coliga\u00e7\u00e3o, Dilma ganhar\u00e1 cerca de 2 minutos e 20 segundos de tempo de TV a cada bloco de 25 minutos. Durante o evento, que ocorreu no Senado, em Bras\u00edlia, membros do partido contr\u00e1rios \u00e0 coliga\u00e7\u00e3o se queixaram da falta de apoio da presidente aos pr\u00e9-candidatos da sigla, como no caso do Rio de Janeiro, onde o PT concorre com Luiz Fernando Pez\u00e3o, que tenta se reeleger.<\/p>\n<p>Geddel foi um dos que expressaram seu descontentamento. \u201cDilma deve ir a Nossa Senhora Aparecida porque Temer a est\u00e1 levando ela nas costas\u201d, alfinetou. Para o vice-presidente, Michel Temer (PMDB), que estar\u00e1 novamente ao lado de Dilma nas elei\u00e7\u00f5es, a renova\u00e7\u00e3o do apoio abrir\u00e1 portas para que o PMDB \u201cocupe todos os espa\u00e7os pol\u00edticos, para o bem dos brasileiros\u201d. Ele tamb\u00e9m afirmou que a redu\u00e7\u00e3o dos que concordam com a parceria com o PT \u00e9 \u201cnormal no PMDB\u201d.<\/p>\n<p><img decoding=\"async\" class=\"aligncenter\" alt=\"Turmalina1\" src=\"http:\/\/www.sudoestehoje.com.br\/novoportal\/wp-content\/uploads\/2014\/06\/Turmalina11-500x168.jpg\" \/><\/p>\n","protected":false},"excerpt":{"rendered":"<p>O PMDB aprovou o apoio \u00e0 reelei\u00e7\u00e3o da presidente Dilma Rousseff em conven\u00e7\u00e3o nacional realizada nesta ter\u00e7a-feira (10), com 398 votos favor\u00e1veis (69,7%) a 275 contr\u00e1rios (30,3%). Apesar do resultado, a vota\u00e7\u00e3o foi concorrida,\u00a0como previu o pr\u00e9-candidato ao Senado na chapa das oposi\u00e7\u00f5es, o peemedebista Geddel Vieira Lima. Em 2010, a alian\u00e7a foi referendada por [&hellip;]<\/p>\n","protected":false},"author":2,"featured_media":0,"comment_status":"open","ping_status":"open","sticky":false,"template":"","format":"standard","meta":{"footnotes":"","_links_to":"","_links_to_target":""},"categories":[1],"tags":[],"class_list":["post-38048","post","type-post","status-publish","format-standard","hentry","category-geral"],"views":1305,"_links":{"self":[{"href":"https:\/\/www.sudoestehoje.com.br\/novoportal\/wp-json\/wp\/v2\/posts\/38048","targetHints":{"allow":["GET"]}}],"collection":[{"href":"https:\/\/www.sudoestehoje.com.br\/novoportal\/wp-json\/wp\/v2\/posts"}],"about":[{"href":"https:\/\/www.sudoestehoje.com.br\/novoportal\/wp-json\/wp\/v2\/types\/post"}],"author":[{"embeddable":true,"href":"https:\/\/www.sudoestehoje.com.br\/novoportal\/wp-json\/wp\/v2\/users\/2"}],"replies":[{"embeddable":true,"href":"https:\/\/www.sudoestehoje.com.br\/novoportal\/wp-json\/wp\/v2\/comments?post=38048"}],"version-history":[{"count":2,"href":"https:\/\/www.sudoestehoje.com.br\/novoportal\/wp-json\/wp\/v2\/posts\/38048\/revisions"}],"predecessor-version":[{"id":38051,"href":"https:\/\/www.sudoestehoje.com.br\/novoportal\/wp-json\/wp\/v2\/posts\/38048\/revisions\/38051"}],"wp:attachment":[{"href":"https:\/\/www.sudoestehoje.com.br\/novoportal\/wp-json\/wp\/v2\/media?parent=38048"}],"wp:term":[{"taxonomy":"category","embeddable":true,"href":"https:\/\/www.sudoestehoje.com.br\/novoportal\/wp-json\/wp\/v2\/categories?post=38048"},{"taxonomy":"post_tag","embeddable":true,"href":"https:\/\/www.sudoestehoje.com.br\/novoportal\/wp-json\/wp\/v2\/tags?post=38048"}],"curies":[{"name":"wp","href":"https:\/\/api.w.org\/{rel}","templated":true}]}}