
{"id":38039,"date":"2014-06-10T08:34:23","date_gmt":"2014-06-10T11:34:23","guid":{"rendered":"http:\/\/www.sudoestehoje.com.br\/novoportal\/?p=38039"},"modified":"2014-06-10T08:34:23","modified_gmt":"2014-06-10T11:34:23","slug":"phs-tambem-fecha-apoio-a-paulo-souto","status":"publish","type":"post","link":"https:\/\/www.sudoestehoje.com.br\/novoportal\/2014\/06\/10\/phs-tambem-fecha-apoio-a-paulo-souto\/","title":{"rendered":"PHS TAMB\u00c9M FECHA APOIO A PAULO SOUTO"},"content":{"rendered":"<p><img decoding=\"async\" class=\"aligncenter\" alt=\"\" src=\"http:\/\/www.politicalivre.com.br\/wp-content\/thumbgen_cache\/efae4489571f78a3ba25d07724e7268c.jpg\" width=\"500\" \/><\/p>\n<p>A chapa dos pr\u00e9-candidatos oposicionistas Paulo Souto (governador), Joaci G\u00f3es (vice) e Geddel Vieira Lima (senador) ganhou o apoio oficial de mais um partido na tarde desta segunda-feira (09). O PHS \u00e9 o mais novo integrante da alian\u00e7a, que j\u00e1 re\u00fane Democratas, PMDB, PSDB, PV, Solidariedade e PPS, al\u00e9m da frente partid\u00e1ria Jorge Aleluia.<\/p>\n<p>Os dirigentes do PHS Marcelo Guimar\u00e3es Filho, Luiz Fran\u00e7a, Marcelo Guimar\u00e3es e Miguel Rehem comunicaram a Paulo Souto, Joaci e Geddel a ades\u00e3o ao projeto da oposi\u00e7\u00e3o. A expectativa dos oposicionistas \u00e9 que, at\u00e9 a realiza\u00e7\u00e3o da conven\u00e7\u00e3o oposicionista, no pr\u00f3ximo dia 18, no Espa\u00e7o Unique, outros partidos formalizem tamb\u00e9m o apoio \u00e0 chapa. Estima-se que o n\u00famero de legendas chegue a 19.<\/p>\n","protected":false},"excerpt":{"rendered":"<p>A chapa dos pr\u00e9-candidatos oposicionistas Paulo Souto (governador), Joaci G\u00f3es (vice) e Geddel Vieira Lima (senador) ganhou o apoio oficial de mais um partido na tarde desta segunda-feira (09). O PHS \u00e9 o mais novo integrante da alian\u00e7a, que j\u00e1 re\u00fane Democratas, PMDB, PSDB, PV, Solidariedade e PPS, al\u00e9m da frente partid\u00e1ria Jorge Aleluia. Os [&hellip;]<\/p>\n","protected":false},"author":2,"featured_media":0,"comment_status":"open","ping_status":"open","sticky":false,"template":"","format":"standard","meta":{"footnotes":"","_links_to":"","_links_to_target":""},"categories":[1],"tags":[],"class_list":["post-38039","post","type-post","status-publish","format-standard","hentry","category-geral"],"views":1234,"_links":{"self":[{"href":"https:\/\/www.sudoestehoje.com.br\/novoportal\/wp-json\/wp\/v2\/posts\/38039","targetHints":{"allow":["GET"]}}],"collection":[{"href":"https:\/\/www.sudoestehoje.com.br\/novoportal\/wp-json\/wp\/v2\/posts"}],"about":[{"href":"https:\/\/www.sudoestehoje.com.br\/novoportal\/wp-json\/wp\/v2\/types\/post"}],"author":[{"embeddable":true,"href":"https:\/\/www.sudoestehoje.com.br\/novoportal\/wp-json\/wp\/v2\/users\/2"}],"replies":[{"embeddable":true,"href":"https:\/\/www.sudoestehoje.com.br\/novoportal\/wp-json\/wp\/v2\/comments?post=38039"}],"version-history":[{"count":1,"href":"https:\/\/www.sudoestehoje.com.br\/novoportal\/wp-json\/wp\/v2\/posts\/38039\/revisions"}],"predecessor-version":[{"id":38040,"href":"https:\/\/www.sudoestehoje.com.br\/novoportal\/wp-json\/wp\/v2\/posts\/38039\/revisions\/38040"}],"wp:attachment":[{"href":"https:\/\/www.sudoestehoje.com.br\/novoportal\/wp-json\/wp\/v2\/media?parent=38039"}],"wp:term":[{"taxonomy":"category","embeddable":true,"href":"https:\/\/www.sudoestehoje.com.br\/novoportal\/wp-json\/wp\/v2\/categories?post=38039"},{"taxonomy":"post_tag","embeddable":true,"href":"https:\/\/www.sudoestehoje.com.br\/novoportal\/wp-json\/wp\/v2\/tags?post=38039"}],"curies":[{"name":"wp","href":"https:\/\/api.w.org\/{rel}","templated":true}]}}