
{"id":38036,"date":"2014-06-10T08:29:20","date_gmt":"2014-06-10T11:29:20","guid":{"rendered":"http:\/\/www.sudoestehoje.com.br\/novoportal\/?p=38036"},"modified":"2014-06-10T08:29:20","modified_gmt":"2014-06-10T11:29:20","slug":"prb-oficializa-apoio-a-paulo-souto","status":"publish","type":"post","link":"https:\/\/www.sudoestehoje.com.br\/novoportal\/2014\/06\/10\/prb-oficializa-apoio-a-paulo-souto\/","title":{"rendered":"PRB OFICIALIZA APOIO A PAULO SOUTO"},"content":{"rendered":"<p><img decoding=\"async\" class=\"aligncenter\" alt=\"\" src=\"http:\/\/www.politicalivre.com.br\/wp-content\/thumbgen_cache\/88863bf0f26dec1cfd85d5cde2036104.jpg\" width=\"500\" \/><\/p>\n<p>A posse da nova diretoria do PRP, presidida pelo deputado federal J\u00e2nio Natal, foi marcada pela oficializa\u00e7\u00e3o do apoio do partido \u00e0 chapa dos pr\u00e9-candidatos oposicionistas Paulo Souto (governador), Joaci G\u00f3es (vice) e Geddel Vieira Lima (senador).<\/p>\n<p>Realizada na sede da Abase, na noite desta segunda-feira (09), a solenidade reuniu militantes e dirigentes do PRP, al\u00e9m de representantes da Frente Partid\u00e1ria Jorge Aleluia (PPS, PRP, PSDC, PT do B, PPL, PTC, PMN e PEN), PV e PHS, bem como dos deputados federais F\u00e1bio Souto (DEM) e Jutahy Jr. (PSDB), e do pr\u00e9-candidato Claudio Taboada (deputado).<\/p>\n<p>Reiterando o apoio do partido a Paulo Souto, o novo presidente do PRP, J\u00e2nio Natal, disse: \u201cGovernador, confiamos na sua compet\u00eancia e seriedade na gest\u00e3o da coisa p\u00fablica, e n\u00e3o vamos dar a ousadia do segundo turno. O senhor ser\u00e1 eleito no primeiro turno\u201d.<\/p>\n<p>Grato pelo apoio, Paulo Souto destacou que o presidente J\u00e2nio Natal foi um dos primeiros a defender abertamente a sua pr\u00e9-candidatura a governador. \u201cO PRP se integra a uma alian\u00e7a que j\u00e1 re\u00fane v\u00e1rios partidos e ser\u00e1 um marco na hist\u00f3ria das oposi\u00e7\u00f5es\u201d.<\/p>\n","protected":false},"excerpt":{"rendered":"<p>A posse da nova diretoria do PRP, presidida pelo deputado federal J\u00e2nio Natal, foi marcada pela oficializa\u00e7\u00e3o do apoio do partido \u00e0 chapa dos pr\u00e9-candidatos oposicionistas Paulo Souto (governador), Joaci G\u00f3es (vice) e Geddel Vieira Lima (senador). Realizada na sede da Abase, na noite desta segunda-feira (09), a solenidade reuniu militantes e dirigentes do PRP, [&hellip;]<\/p>\n","protected":false},"author":2,"featured_media":0,"comment_status":"open","ping_status":"open","sticky":false,"template":"","format":"standard","meta":{"footnotes":"","_links_to":"","_links_to_target":""},"categories":[1],"tags":[],"class_list":["post-38036","post","type-post","status-publish","format-standard","hentry","category-geral"],"views":1166,"_links":{"self":[{"href":"https:\/\/www.sudoestehoje.com.br\/novoportal\/wp-json\/wp\/v2\/posts\/38036","targetHints":{"allow":["GET"]}}],"collection":[{"href":"https:\/\/www.sudoestehoje.com.br\/novoportal\/wp-json\/wp\/v2\/posts"}],"about":[{"href":"https:\/\/www.sudoestehoje.com.br\/novoportal\/wp-json\/wp\/v2\/types\/post"}],"author":[{"embeddable":true,"href":"https:\/\/www.sudoestehoje.com.br\/novoportal\/wp-json\/wp\/v2\/users\/2"}],"replies":[{"embeddable":true,"href":"https:\/\/www.sudoestehoje.com.br\/novoportal\/wp-json\/wp\/v2\/comments?post=38036"}],"version-history":[{"count":2,"href":"https:\/\/www.sudoestehoje.com.br\/novoportal\/wp-json\/wp\/v2\/posts\/38036\/revisions"}],"predecessor-version":[{"id":38038,"href":"https:\/\/www.sudoestehoje.com.br\/novoportal\/wp-json\/wp\/v2\/posts\/38036\/revisions\/38038"}],"wp:attachment":[{"href":"https:\/\/www.sudoestehoje.com.br\/novoportal\/wp-json\/wp\/v2\/media?parent=38036"}],"wp:term":[{"taxonomy":"category","embeddable":true,"href":"https:\/\/www.sudoestehoje.com.br\/novoportal\/wp-json\/wp\/v2\/categories?post=38036"},{"taxonomy":"post_tag","embeddable":true,"href":"https:\/\/www.sudoestehoje.com.br\/novoportal\/wp-json\/wp\/v2\/tags?post=38036"}],"curies":[{"name":"wp","href":"https:\/\/api.w.org\/{rel}","templated":true}]}}