
{"id":38002,"date":"2014-06-08T14:44:54","date_gmt":"2014-06-08T17:44:54","guid":{"rendered":"http:\/\/www.sudoestehoje.com.br\/novoportal\/?p=38002"},"modified":"2014-06-08T14:44:54","modified_gmt":"2014-06-08T17:44:54","slug":"conquista-sandro-regis-fecha-dobradinha-com-marcelo-melo","status":"publish","type":"post","link":"https:\/\/www.sudoestehoje.com.br\/novoportal\/2014\/06\/08\/conquista-sandro-regis-fecha-dobradinha-com-marcelo-melo\/","title":{"rendered":"CONQUISTA: SANDRO R\u00c9GIS FECHA DOBRADINHA COM MARCELO MELO"},"content":{"rendered":"<p><img decoding=\"async\" class=\"aligncenter\" alt=\"\" src=\"http:\/\/www.blogdorodrigoferraz.com.br\/v1\/wp-content\/uploads\/2014\/06\/10357840_1455939057979970_1763757426559322727_n.jpg\" width=\"450\" \/><\/p>\n<p>As costuras pol\u00edticas visando as elei\u00e7\u00f5es de 2014 come\u00e7am a ganhar for\u00e7a em Vit\u00f3ria da Conquista.\u00a0Uma nova dobradinha que acaba de surgir \u00e9 a do deputado estadual Sandro R\u00e9gis (DEM), que possui articula\u00e7\u00e3o em v\u00e1rios munic\u00edpios da regi\u00e3o Sudoeste, com o advogado Marcelo Melo (DEM), pr\u00e9-candidato a deputado federal e com domic\u00edlio eleitoral em Conquista.<\/p>\n<p>Segundo R\u00e9gis, a dupla j\u00e1 est\u00e1 recebendo apoios na terceira maior cidade da Bahia visando as elei\u00e7\u00f5es de 2014.\u00a0<em>\u201cEu tenho procurado debater e conversar com as lideran\u00e7as da regi\u00e3o. Em Po\u00e7\u00f5es tenho o apoio do ex-prefeito Luciano, em Tremedal do ex-prefeito Jos\u00e9 Bahia e em Conquista estou ao lado desse jovem que tem crescido bastante nessa sua pr\u00e9-candidatura a deputado federal. Marcelo est\u00e1 se articulando e amadurecendo ainda mais essa sua caminhada\u201d<\/em>, disse Sandro R\u00e9gis. Blog do Rodrigo Ferraz<\/p>\n","protected":false},"excerpt":{"rendered":"<p>As costuras pol\u00edticas visando as elei\u00e7\u00f5es de 2014 come\u00e7am a ganhar for\u00e7a em Vit\u00f3ria da Conquista.\u00a0Uma nova dobradinha que acaba de surgir \u00e9 a do deputado estadual Sandro R\u00e9gis (DEM), que possui articula\u00e7\u00e3o em v\u00e1rios munic\u00edpios da regi\u00e3o Sudoeste, com o advogado Marcelo Melo (DEM), pr\u00e9-candidato a deputado federal e com domic\u00edlio eleitoral em Conquista. [&hellip;]<\/p>\n","protected":false},"author":2,"featured_media":0,"comment_status":"open","ping_status":"open","sticky":false,"template":"","format":"standard","meta":{"footnotes":"","_links_to":"","_links_to_target":""},"categories":[1],"tags":[],"class_list":["post-38002","post","type-post","status-publish","format-standard","hentry","category-geral"],"views":1187,"_links":{"self":[{"href":"https:\/\/www.sudoestehoje.com.br\/novoportal\/wp-json\/wp\/v2\/posts\/38002","targetHints":{"allow":["GET"]}}],"collection":[{"href":"https:\/\/www.sudoestehoje.com.br\/novoportal\/wp-json\/wp\/v2\/posts"}],"about":[{"href":"https:\/\/www.sudoestehoje.com.br\/novoportal\/wp-json\/wp\/v2\/types\/post"}],"author":[{"embeddable":true,"href":"https:\/\/www.sudoestehoje.com.br\/novoportal\/wp-json\/wp\/v2\/users\/2"}],"replies":[{"embeddable":true,"href":"https:\/\/www.sudoestehoje.com.br\/novoportal\/wp-json\/wp\/v2\/comments?post=38002"}],"version-history":[{"count":1,"href":"https:\/\/www.sudoestehoje.com.br\/novoportal\/wp-json\/wp\/v2\/posts\/38002\/revisions"}],"predecessor-version":[{"id":38003,"href":"https:\/\/www.sudoestehoje.com.br\/novoportal\/wp-json\/wp\/v2\/posts\/38002\/revisions\/38003"}],"wp:attachment":[{"href":"https:\/\/www.sudoestehoje.com.br\/novoportal\/wp-json\/wp\/v2\/media?parent=38002"}],"wp:term":[{"taxonomy":"category","embeddable":true,"href":"https:\/\/www.sudoestehoje.com.br\/novoportal\/wp-json\/wp\/v2\/categories?post=38002"},{"taxonomy":"post_tag","embeddable":true,"href":"https:\/\/www.sudoestehoje.com.br\/novoportal\/wp-json\/wp\/v2\/tags?post=38002"}],"curies":[{"name":"wp","href":"https:\/\/api.w.org\/{rel}","templated":true}]}}